{"id":51761,"date":"2018-05-21T19:51:49","date_gmt":"2018-05-21T22:51:49","guid":{"rendered":"http:\/\/caririemacao.com\/1\/?p=51761"},"modified":"2018-05-21T19:51:49","modified_gmt":"2018-05-21T22:51:49","slug":"chikungunya-avanca-no-rio-com-quase-9-mil-casos","status":"publish","type":"post","link":"https:\/\/www.caririemacao.com\/1\/2018\/05\/21\/chikungunya-avanca-no-rio-com-quase-9-mil-casos\/","title":{"rendered":"Chikungunya avan\u00e7a no Rio com quase 9 mil casos"},"content":{"rendered":"<p>O n\u00famero de casos de febre chikungunya registrados este ano pela Secretaria de Estado de Sa\u00fade (SES), no Rio de Janeiro, chegou a 8.963. Os dados s\u00e3o de janeiro a abril e j\u00e1 correspondem a mais do que o dobro de todo o ano passado, quando foram 4.305 casos. De janeiro a abril de 2017 foram infectadas 2.065 pessoas.<\/p>\n<p>O m\u00e9dico Alexandre Chieppe, da Subsecretaria de Vigil\u00e2ncia em Sa\u00fade, disse que o aumento j\u00e1 era esperado, uma vez que o v\u00edrus nunca circulou no estado e, portanto, a popula\u00e7\u00e3o n\u00e3o tem imunidade a ele.<\/p>\n<p>\u201cA situa\u00e7\u00e3o da chikungunya no estado, j\u00e1 era uma preocupa\u00e7\u00e3o, devido ao baixo padr\u00e3o de imunidade da popula\u00e7\u00e3o. Como \u00e9 um v\u00edrus novo, a popula\u00e7\u00e3o \u00e9 toda suscept\u00edvel. Isso \u00e9 um ingrediente importante no componente de altas transmiss\u00f5es de chikungunya. A gente vem se preparando h\u00e1 algum tempo, desde 2014 j\u00e1 vinhamos monitorando o que estava ocorrendo no Brasil e j\u00e1 esper\u00e1vamos a possibilidade da entrada e circula\u00e7\u00e3o mais intensa no pa\u00eds\u201d.<\/p>\n<p>Chieppe destaca que n\u00e3o se pode caracterizar a situa\u00e7\u00e3o como uma epidemia de chikungunya, mas, sim, casos de surtos isolados da doen\u00e7a, que n\u00e3o se espalhou por todo o estado. \u201cTemos uma transmiss\u00e3o isolada em pontos de alguns munic\u00edpios, mas n\u00e3o h\u00e1 uma transmiss\u00e3o em todo o estado. Ent\u00e3o, eu diria que temos surtos isolados da doen\u00e7a em algumas localidades. N\u00e3o chega a ser uma epidemia, que \u00e9 mais abrangente no tempo e no espa\u00e7o, ou seja, que dura mais tempo e abrange mais territ\u00f3rio\u201d.<\/p>\n<p>O m\u00e9dico citou aumento de casos em Niter\u00f3i, em alguns bairros do Rio, em S\u00e3o Gon\u00e7alo e em Nova Igua\u00e7u, na baixada fluminense. Ele lembrou que a primeira notifica\u00e7\u00e3o da febre chikungunya no pa\u00eds ocorreu em 2014, em Feira de Santana, na Bahia, e depois se espalhou pela Regi\u00e3o Nordeste. Apesar do aumento consider\u00e1vel em rela\u00e7\u00e3o ao ano passado, a partir de agora, o n\u00famero de casos tende a cair, devido \u00e0 sazonalidade da transmiss\u00e3o da doen\u00e7a, que segue o mesmo padr\u00e3o da dengue, pois tem o mesmo mosquito vetor, o\u00a0<em>Aedes aegypti<\/em>.<\/p>\n<p>\u201cA tend\u00eancia agora j\u00e1 \u00e9 diminuir muito a transmiss\u00e3o, a partir da segunda quinzena de junho, em julho, e eventualmente voltaremos a observar aumento de transmiss\u00e3o l\u00e1 pelo m\u00eas de dezembro. \u00c9 isso que, historicamente, acontece com a dengue e com as outras arboviroses urbanas. Tem rela\u00e7\u00e3o com a chuva e com a queda da temperatura, isso tudo facilita a diminui\u00e7\u00e3o da popula\u00e7\u00e3o de mosquito e a menor atividade do v\u00edrus\u201d.<\/p>\n<h2>Dengue e zika<\/h2>\n<p>Os casos de dengue tamb\u00e9m aumentaram este ano. De janeiro a abril do ano passado, foram 6.162 registros e, no mesmo per\u00edodo deste ano, chegaram a 8.007, um aumento de 29,9%. Em todo o ano passado, foram registrados 10.697 casos de dengue. Apesar do aumento, Chieppe disse que a varia\u00e7\u00e3o est\u00e1 normal para os per\u00edodos interepid\u00eamicos.<\/p>\n<p>Segundo o m\u00e9dico, o estado caracteriza como epidemia quando \u00e9 ultrapassada a marca de 50 mil no ano, como em 2016, quando ocorreram 72 mil casos apenas entre janeiro e julho. Ao todo, naquele ano ano foram registrados 1.483.62 casos de dengue e, em 2017, o n\u00famero caiu para 251.711.<\/p>\n<p>J\u00e1 os casos de zika diminu\u00edram no per\u00edodo. No estado, foram 2.508 em todo o ano de 2017, com 1.722 casos entre janeiro e abril. Este ano, foram 780, mostrando uma redu\u00e7\u00e3o de 54%. Chieppe disse que, em 2016, houve uma transmiss\u00e3o muito forte do v\u00edrus\u00a0<em>Zika<\/em>\u00a0e, como cada pessoa s\u00f3 pega a doen\u00e7a uma vez, a tend\u00eancia \u00e9 diminuir o cont\u00e1gio. \u201cTeve transmiss\u00e3o muito intensa no ano retrasado, ent\u00e3o, grande parte da popula\u00e7\u00e3o foi imunizada de forma natural. Isso faz com que o risco de novos casos diminua, porque o mosquito encontra pouca gente suscept\u00edvel\u201d.<\/p>\n<p>Em 2016, foram registrados no pa\u00eds 216.207 casos de zika. Em 2017, o n\u00famero caiu para 17.594 casos prov\u00e1veis.<\/p>\n<h2>Hist\u00f3rico e sintomas<\/h2>\n<p>Segundo o Instituto de Tecnologia em Imunobiol\u00f3gicos da Funda\u00e7\u00e3o Oswaldo Cruz (Bio-Manguinhos\/Fiocruz), o primeiro registro de chikungunya no Brasil foi em 2014, ap\u00f3s a Copa do Mundo realizada no pa\u00eds. O nome da doen\u00e7a significa \u201caqueles que se dobram\u201d no idioma\u00a0<em>swahili<\/em>, da Tanz\u00e2nia, no leste da \u00c1frica, onde ocorreu a primeira epidemia documentada, entre 1952 e 1953. O termo se refere \u00e0 apar\u00eancia curvada dos pacientes devido \u00e0s fortes dores.<\/p>\n<p>O v\u00edrus\u00a0<em>Chikungunya<\/em>, o\u00a0<em>CHIKV<\/em>, \u00e9 transmitido pelos mosquitos\u00a0<em>Aedes aegypt<\/em>i, em ambientes urbanos, e pelo\u00a0<em>Aedes albopictus<\/em>\u00a0nas \u00e1reas rurais ou selvagens. Existe a possibilidade da transmiss\u00e3o intrauterina do v\u00edrus da m\u00e3e para o feto. Depois de pegar a doen\u00e7a uma vez, a pessoa fica imune pelo resto da vida. A taxa de mortalidade em menores de um ano \u00e9 de 0,4%, mas a probabilidade aumenta se houver alguma patologia associada.<\/p>\n<p>Os sintomas podem ser confundidos com os da zika ou da dengue, transmitidas pelo mesmo mosquito. Os principais sintomas s\u00e3o febre alta repentina, dores intensas nas articula\u00e7\u00f5es dos p\u00e9s e m\u00e3os, dedos, tornozelos e pulsos. Pode ocorrer dor de cabe\u00e7a, dores nos m\u00fasculos e manchas vermelhas na pele. A incuba\u00e7\u00e3o demora de 4 a 7 dias e os sintomas come\u00e7am de dois a doze dias ap\u00f3s a picada do mosquito. Cerca de 30% dos pacientes n\u00e3o apresentam sintomas.<\/p>\n<p>Ainda n\u00e3o existe vacina ou medicamentos contra chikungunya. A \u00fanica forma de preven\u00e7\u00e3o \u00e9 combater o mosquito vetor, eliminando os poss\u00edveis criadouros. Outros cuidados incluem usar cal\u00e7a e manga comprida, para minimizar a exposi\u00e7\u00e3o da pele durante o dia, quando os mosquitos s\u00e3o mais ativos, al\u00e9m do uso de repelentes, inseticidas e mosquiteiros.<\/p>\n<p><strong>CARIRI EM A\u00c7\u00c3O<\/strong><\/p>\n<p>Com Ag\u00eancia Brasil\/Foto: Reprodu\u00e7\u00e3o Internet<\/p>\n<p>Leia mais not\u00edcias em\u00a0<a href=\"http:\/\/www.caririemacao.com\/\">caririemacao.com<\/a>, siga nossa p\u00e1gina no\u00a0<a href=\"https:\/\/www.facebook.com\/CaririEmAcao\/?ref=aymt_homepage_panel\">Facebook<\/a>,\u00a0<a href=\"https:\/\/www.instagram.com\/cariri_em_acao\/?hl=pt-br\">Instagram<\/a>\u00a0e\u00a0<a href=\"https:\/\/www.youtube.com\/channel\/UCAptA0jQuYQy8vMhLt2m4qg\">Youtube<\/a>\u00a0e veja nossas mat\u00e9rias, v\u00eddeos e fotos. Voc\u00ea tamb\u00e9m pode enviar informa\u00e7\u00f5es \u00e0 Reda\u00e7\u00e3o do Portal Cariri em A\u00e7\u00e3o pelo WhatsApp (83) 9 9634.5791, (83) 9 9601-1162.<\/p>\n","protected":false},"excerpt":{"rendered":"<p>O n\u00famero de casos de febre chikungunya registrados este ano pela Secretaria de Estado de Sa\u00fade (SES), no Rio de Janeiro, chegou a 8.963. Os&hellip; <\/p>\n","protected":false},"author":2,"featured_media":40079,"comment_status":"closed","ping_status":"closed","sticky":false,"template":"","format":"standard","meta":{"sfsi_plus_gutenberg_text_before_share":"","sfsi_plus_gutenberg_show_text_before_share":"","sfsi_plus_gutenberg_icon_type":"","sfsi_plus_gutenberg_icon_alignemt":"","sfsi_plus_gutenburg_max_per_row":"","footnotes":""},"categories":[16],"tags":[],"class_list":["post-51761","post","type-post","status-publish","format-standard","has-post-thumbnail","hentry","category-saude"],"_links":{"self":[{"href":"https:\/\/www.caririemacao.com\/1\/wp-json\/wp\/v2\/posts\/51761","targetHints":{"allow":["GET"]}}],"collection":[{"href":"https:\/\/www.caririemacao.com\/1\/wp-json\/wp\/v2\/posts"}],"about":[{"href":"https:\/\/www.caririemacao.com\/1\/wp-json\/wp\/v2\/types\/post"}],"author":[{"embeddable":true,"href":"https:\/\/www.caririemacao.com\/1\/wp-json\/wp\/v2\/users\/2"}],"replies":[{"embeddable":true,"href":"https:\/\/www.caririemacao.com\/1\/wp-json\/wp\/v2\/comments?post=51761"}],"version-history":[{"count":0,"href":"https:\/\/www.caririemacao.com\/1\/wp-json\/wp\/v2\/posts\/51761\/revisions"}],"wp:featuredmedia":[{"embeddable":true,"href":"https:\/\/www.caririemacao.com\/1\/wp-json\/wp\/v2\/media\/40079"}],"wp:attachment":[{"href":"https:\/\/www.caririemacao.com\/1\/wp-json\/wp\/v2\/media?parent=51761"}],"wp:term":[{"taxonomy":"category","embeddable":true,"href":"https:\/\/www.caririemacao.com\/1\/wp-json\/wp\/v2\/categories?post=51761"},{"taxonomy":"post_tag","embeddable":true,"href":"https:\/\/www.caririemacao.com\/1\/wp-json\/wp\/v2\/tags?post=51761"}],"curies":[{"name":"wp","href":"https:\/\/api.w.org\/{rel}","templated":true}]}}