{"id":51764,"date":"2018-05-21T19:54:25","date_gmt":"2018-05-21T22:54:25","guid":{"rendered":"http:\/\/caririemacao.com\/1\/?p=51764"},"modified":"2018-05-21T19:54:25","modified_gmt":"2018-05-21T22:54:25","slug":"comando-militar-busca-governo-da-paraiba-para-discutir-icms-de-18","status":"publish","type":"post","link":"https:\/\/www.caririemacao.com\/1\/2018\/05\/21\/comando-militar-busca-governo-da-paraiba-para-discutir-icms-de-18\/","title":{"rendered":"Comando Militar busca Governo da Para\u00edba para discutir ICMS de 18%"},"content":{"rendered":"<p>O Comando Militar do Nordeste informou, na tarde desta segunda-feira (21), que mant\u00e9m contato com o Governo do Estado para entender se houve algum equ\u00edvoco na cobran\u00e7a de ICMS a propriet\u00e1rios de carros-pipa na Para\u00edba.<\/p>\n<p>\u201cO Comando Militar do Nordeste (CMNE) informa que est\u00e3o sendo realizadas tratativas com o Governo do Estado da Para\u00edba para dirimir as d\u00favidas sobre a quest\u00e3o do ICMS a ser cobrado aos pipeiros. Ap\u00f3s a solu\u00e7\u00e3o definitiva sobre a quest\u00e3o, o CMNE informar\u00e1 aos \u00f3rg\u00e3os de imprensa\u201d, afirmou o CMNE ao Portal MaisPB.<\/p>\n<p>Mais cedo, pipeiros interditaram rodoviais federais e estaduais que cortam a Para\u00edba em manifesto a cobran\u00e7a de 18% de imposto. O secret\u00e1rio de Receita Estadual, Marconi Fraz\u00e3o, garantiu que n\u00e3o houve imposi\u00e7\u00e3o da taxa do ICMS e acredita que possa ter ocorrido algum equ\u00edvoco para arrecada\u00e7\u00e3o.<\/p>\n<p>Agora a tarde, estava marcado um encontro com a Associa\u00e7\u00e3o de Pipeiros do Estado com a Secretaria de Receita para discutir o valor cobrado.<\/p>\n<p>Devido a manifesta\u00e7\u00e3o, cerca de 70 munic\u00edpios paraibanos ficaram sem o abastecimento de \u00e1gua, que era feito por carro-pipa.<\/p>\n<p><strong>CARIRI EM A\u00c7\u00c3O<\/strong><\/p>\n<p>Com MaisPB\/Foto: Reprodu\u00e7\u00e3o Internet<\/p>\n<p>Leia mais not\u00edcias em\u00a0<a href=\"http:\/\/www.caririemacao.com\/\">caririemacao.com<\/a>, siga nossa p\u00e1gina no\u00a0<a href=\"https:\/\/www.facebook.com\/CaririEmAcao\/?ref=aymt_homepage_panel\">Facebook<\/a>,\u00a0<a href=\"https:\/\/www.instagram.com\/cariri_em_acao\/?hl=pt-br\">Instagram<\/a>\u00a0e\u00a0<a href=\"https:\/\/www.youtube.com\/channel\/UCAptA0jQuYQy8vMhLt2m4qg\">Youtube<\/a>\u00a0e veja nossas mat\u00e9rias, v\u00eddeos e fotos. Voc\u00ea tamb\u00e9m pode enviar informa\u00e7\u00f5es \u00e0 Reda\u00e7\u00e3o do Portal Cariri em A\u00e7\u00e3o pelo WhatsApp (83) 9 9634.5791, (83) 9 9601-1162.<\/p>\n","protected":false},"excerpt":{"rendered":"<p>O Comando Militar do Nordeste informou, na tarde desta segunda-feira (21), que mant\u00e9m contato com o Governo do Estado para entender se houve algum equ\u00edvoco&hellip; <\/p>\n","protected":false},"author":2,"featured_media":12326,"comment_status":"closed","ping_status":"closed","sticky":false,"template":"","format":"standard","meta":{"sfsi_plus_gutenberg_text_before_share":"","sfsi_plus_gutenberg_show_text_before_share":"","sfsi_plus_gutenberg_icon_type":"","sfsi_plus_gutenberg_icon_alignemt":"","sfsi_plus_gutenburg_max_per_row":"","footnotes":""},"categories":[2],"tags":[],"class_list":["post-51764","post","type-post","status-publish","format-standard","has-post-thumbnail","hentry","category-geral"],"_links":{"self":[{"href":"https:\/\/www.caririemacao.com\/1\/wp-json\/wp\/v2\/posts\/51764","targetHints":{"allow":["GET"]}}],"collection":[{"href":"https:\/\/www.caririemacao.com\/1\/wp-json\/wp\/v2\/posts"}],"about":[{"href":"https:\/\/www.caririemacao.com\/1\/wp-json\/wp\/v2\/types\/post"}],"author":[{"embeddable":true,"href":"https:\/\/www.caririemacao.com\/1\/wp-json\/wp\/v2\/users\/2"}],"replies":[{"embeddable":true,"href":"https:\/\/www.caririemacao.com\/1\/wp-json\/wp\/v2\/comments?post=51764"}],"version-history":[{"count":0,"href":"https:\/\/www.caririemacao.com\/1\/wp-json\/wp\/v2\/posts\/51764\/revisions"}],"wp:featuredmedia":[{"embeddable":true,"href":"https:\/\/www.caririemacao.com\/1\/wp-json\/wp\/v2\/media\/12326"}],"wp:attachment":[{"href":"https:\/\/www.caririemacao.com\/1\/wp-json\/wp\/v2\/media?parent=51764"}],"wp:term":[{"taxonomy":"category","embeddable":true,"href":"https:\/\/www.caririemacao.com\/1\/wp-json\/wp\/v2\/categories?post=51764"},{"taxonomy":"post_tag","embeddable":true,"href":"https:\/\/www.caririemacao.com\/1\/wp-json\/wp\/v2\/tags?post=51764"}],"curies":[{"name":"wp","href":"https:\/\/api.w.org\/{rel}","templated":true}]}}