{"id":51766,"date":"2018-05-21T19:56:39","date_gmt":"2018-05-21T22:56:39","guid":{"rendered":"http:\/\/caririemacao.com\/1\/?p=51766"},"modified":"2018-05-21T19:56:39","modified_gmt":"2018-05-21T22:56:39","slug":"stf-deve-julgar-gleisi-anibal-e-raupp-ainda-este-ano-na-lava-jato","status":"publish","type":"post","link":"https:\/\/www.caririemacao.com\/1\/2018\/05\/21\/stf-deve-julgar-gleisi-anibal-e-raupp-ainda-este-ano-na-lava-jato\/","title":{"rendered":"STF deve julgar Gleisi, An\u00edbal e Raupp ainda este ano na Lava Jato"},"content":{"rendered":"<p>A Segunda Turma do Supremo Tribunal Federal (STF) retoma, nesta ter\u00e7a-feira (22), o julgamento do deputado federal Nelson Meurer (PP-PR) e de dois filhos dele pelos crimes de corrup\u00e7\u00e3o e lavagem de dinheiro. \u00c9 a primeira a\u00e7\u00e3o penal da Opera\u00e7\u00e3o Lava Jato julgada pela Corte ap\u00f3s a chegada dos primeiros inqu\u00e9ritos, em 2015.<\/p>\n<p>A expectativa no STF \u00e9 de que mais tr\u00eas parlamentares sejam julgados ainda neste ano: a senadora Gleisi Hoffmann (PT-PR), o deputado An\u00edbal Gomes (MDB-CE) e o senador Valdir Raupp (MDB-RO).<\/p>\n<p>A a\u00e7\u00e3o contra Gleisi, por corrup\u00e7\u00e3o e lavagem de dinheiro, j\u00e1 foi liberada pelo relator da Lava Jato na Corte, Edson Fachin, e est\u00e1 sendo revisada pelo ministro Celso de Mello. Sendo assim, \u00e9 prov\u00e1vel que v\u00e1 a julgamento ainda neste semestre.<\/p>\n<p>J\u00e1 as a\u00e7\u00f5es que acusam de fraudes An\u00edbal Gomes e Valdir Raupp (MDB-RO) est\u00e3o sendo finalizadas pelo relator e ainda passar\u00e3o pela revis\u00e3o, antes de seguirem para julgamento. Por isso, a decis\u00e3o dos casos s\u00f3 deve ocorrer ap\u00f3s o recesso de julho, de acordo com informa\u00e7\u00f5es do portal G1.<\/p>\n<p>Outra expectativa \u00e9 julgar, no segundo semestre, o recebimento de den\u00fancia na Lava Jato que pode tornar r\u00e9u o senador Renan Calheiros (MDB-AL). A primeira den\u00fancia da Lava Jato contra ele foi rejeitada pela Segunda Turma.<\/p>\n<p>Sess\u00e3o anterior<\/p>\n<p>Na sess\u00e3o do \u00faltimo dia 15, o relator da a\u00e7\u00e3o penal contra Meurer e os filhos, Edson Fachin, e o revisor, Celso de Mello, rejeitaram seis quest\u00f5es preliminares que impediriam o julgamento, como alega\u00e7\u00f5es de cerceamento de defesa, falta de per\u00edcia cont\u00e1bil e depoimentos de testemunhas favor\u00e1veis \u00e0 defesa. As informa\u00e7\u00f5es s\u00e3o da Ag\u00eancia Brasil.<\/p>\n<p>O julgamento ser\u00e1 retomado com a tomada dos votos de m\u00e9rito, que ser\u00e3o proferidos pelo pr\u00f3prio relator, pelo revisor da a\u00e7\u00e3o penal, al\u00e9m de Ricardo Lewandowski e Gilmar Mendes. Na ocasi\u00e3o, a Turma decidir\u00e1 se o deputado e os filhos ser\u00e3o absolvidos ou condenados.<\/p>\n<p>A Segunda Turma julga den\u00fancia elaborada pelo ex- procurador-geral da Rep\u00fablica, Rodrigo Janot. Conforme a acusa\u00e7\u00e3o, o deputado Nelson Meurer recebeu, entre 2006 e 2014, R$ 29 milh\u00f5es do total de R$ 62 milh\u00f5es recebido pelo PP.<\/p>\n<p>Para a Procuradoria Geral da Rep\u00fablica (PGR), o dinheiro teve origem em contratos da Petrobras e consistia em repasses por empresas fict\u00edcias operadas pelo doleiro Alberto Youssef e por interm\u00e9dio do ex-diretor de Abastecimento da Petrobras Paulo Roberto Costa, dois delatores do esquema de corrup\u00e7\u00e3o na Lava Jato. Somente o PP teria recebido R$ 357,9 milh\u00f5es de propina da Petrobras, segundo a procuradoria.<\/p>\n<p>Defesa<\/p>\n<p>No in\u00edcio do julgamento, o advogado Alexandre Jobim, representante de Meurer, sustentou que n\u00e3o h\u00e1 provas de que o deputado tenha dado sustenta\u00e7\u00e3o pol\u00edtica a Paulo Roberto Costa na Petrobras e que ele tenha participado dos desvios na estatal. &#8220;Se coloca a culpa em Nelson Meurer pelo desvio de R$ 357 milh\u00f5es sem ter apontado nenhuma forma de participa\u00e7\u00e3o&#8221;, argumentou a defesa.<\/p>\n<p>Segundo o advogado, as acusa\u00e7\u00f5es foram baseadas em presun\u00e7\u00f5es da acusa\u00e7\u00e3o. Para a defesa, o deputado n\u00e3o pode ser acusado somente por ter sido l\u00edder do PP, em 2011, por seis meses, e ter sido amigo do ex-deputado Jos\u00e9 Janene, morto em 2010, e acusado de participar da arrecada\u00e7\u00e3o de propina para o partido.<\/p>\n<p>&#8220;N\u00e3o se provou qual a participa\u00e7\u00e3o de Nelson Meurer. Se Nelson Meurer n\u00e3o tivesse existido, a corrup\u00e7\u00e3o seria de R$ 357 milh\u00f5es, R$ 369 milh\u00f5es ou n\u00e3o teria ocorrido? Essa \u00e9 uma pergunta importante, que n\u00e3o se incumbiu o Minist\u00e9rio P\u00fablico de provar&#8221;, argumentou o advogado.<\/p>\n<p><strong>CARIRI EM A\u00c7\u00c3O<\/strong><\/p>\n<p>Com Rep\u00f3rter PB\/Foto: Reprodu\u00e7\u00e3o Internet<\/p>\n<p>Leia mais not\u00edcias em\u00a0<a href=\"http:\/\/www.caririemacao.com\/\">caririemacao.com<\/a>, siga nossa p\u00e1gina no\u00a0<a href=\"https:\/\/www.facebook.com\/CaririEmAcao\/?ref=aymt_homepage_panel\">Facebook<\/a>,\u00a0<a href=\"https:\/\/www.instagram.com\/cariri_em_acao\/?hl=pt-br\">Instagram<\/a>\u00a0e\u00a0<a href=\"https:\/\/www.youtube.com\/channel\/UCAptA0jQuYQy8vMhLt2m4qg\">Youtube<\/a>\u00a0e veja nossas mat\u00e9rias, v\u00eddeos e fotos. Voc\u00ea tamb\u00e9m pode enviar informa\u00e7\u00f5es \u00e0 Reda\u00e7\u00e3o do Portal Cariri em A\u00e7\u00e3o pelo WhatsApp (83) 9 9634.5791, (83) 9 9601-1162.<\/p>\n","protected":false},"excerpt":{"rendered":"<p>A Segunda Turma do Supremo Tribunal Federal (STF) retoma, nesta ter\u00e7a-feira (22), o julgamento do deputado federal Nelson Meurer (PP-PR) e de dois filhos dele&hellip; <\/p>\n","protected":false},"author":2,"featured_media":1515,"comment_status":"closed","ping_status":"closed","sticky":false,"template":"","format":"standard","meta":{"sfsi_plus_gutenberg_text_before_share":"","sfsi_plus_gutenberg_show_text_before_share":"","sfsi_plus_gutenberg_icon_type":"","sfsi_plus_gutenberg_icon_alignemt":"","sfsi_plus_gutenburg_max_per_row":"","footnotes":""},"categories":[11],"tags":[],"class_list":["post-51766","post","type-post","status-publish","format-standard","has-post-thumbnail","hentry","category-politica"],"_links":{"self":[{"href":"https:\/\/www.caririemacao.com\/1\/wp-json\/wp\/v2\/posts\/51766","targetHints":{"allow":["GET"]}}],"collection":[{"href":"https:\/\/www.caririemacao.com\/1\/wp-json\/wp\/v2\/posts"}],"about":[{"href":"https:\/\/www.caririemacao.com\/1\/wp-json\/wp\/v2\/types\/post"}],"author":[{"embeddable":true,"href":"https:\/\/www.caririemacao.com\/1\/wp-json\/wp\/v2\/users\/2"}],"replies":[{"embeddable":true,"href":"https:\/\/www.caririemacao.com\/1\/wp-json\/wp\/v2\/comments?post=51766"}],"version-history":[{"count":0,"href":"https:\/\/www.caririemacao.com\/1\/wp-json\/wp\/v2\/posts\/51766\/revisions"}],"wp:featuredmedia":[{"embeddable":true,"href":"https:\/\/www.caririemacao.com\/1\/wp-json\/wp\/v2\/media\/1515"}],"wp:attachment":[{"href":"https:\/\/www.caririemacao.com\/1\/wp-json\/wp\/v2\/media?parent=51766"}],"wp:term":[{"taxonomy":"category","embeddable":true,"href":"https:\/\/www.caririemacao.com\/1\/wp-json\/wp\/v2\/categories?post=51766"},{"taxonomy":"post_tag","embeddable":true,"href":"https:\/\/www.caririemacao.com\/1\/wp-json\/wp\/v2\/tags?post=51766"}],"curies":[{"name":"wp","href":"https:\/\/api.w.org\/{rel}","templated":true}]}}