{"id":51774,"date":"2018-05-21T20:05:21","date_gmt":"2018-05-21T23:05:21","guid":{"rendered":"http:\/\/caririemacao.com\/1\/?p=51774"},"modified":"2018-05-21T20:05:21","modified_gmt":"2018-05-21T23:05:21","slug":"ala-politica-do-governo-quer-reducao-de-impostos-sobre-combustiveis","status":"publish","type":"post","link":"https:\/\/www.caririemacao.com\/1\/2018\/05\/21\/ala-politica-do-governo-quer-reducao-de-impostos-sobre-combustiveis\/","title":{"rendered":"Ala pol\u00edtica do governo quer redu\u00e7\u00e3o de impostos sobre combust\u00edveis"},"content":{"rendered":"<p>O governo est\u00e1 dividido sobre uma eventual redu\u00e7\u00e3o da\u00a0carga tribut\u00e1ria\u00a0sobre\u00a0combust\u00edveis. Enquanto a ala pol\u00edtica insiste que \u00e9 preciso aliviar o bolso dos consumidores em ano eleitoral, a equipe econ\u00f4mica resiste alegando que n\u00e3o h\u00e1 espa\u00e7o para esse tipo de medida num momento em que as contas p\u00fablicas ainda patinam. O assunto ser\u00e1 discutido em reuni\u00e3o convocada de emerg\u00eancia no Pal\u00e1cio Planalto, nesta segunda-feira, em meio aos protestos dos caminhoneiros contra o custo elevado do diesel.<\/p>\n<p>O entorno do presidente Michel Temer alega que h\u00e1 espa\u00e7o para mexer em tributos porque apesar de a economia estar crescendo menos, a arrecada\u00e7\u00e3o manteve seu bom desempenho. Um dos motivos foi justamente a alta dos pre\u00e7os do petr\u00f3leo, o que ajudou e refor\u00e7ar a arrecada\u00e7\u00e3o de royalties. Somente entre janeiro e mar\u00e7o, esse recolhimento ficou em R$ 10,6 bilh\u00f5es, o que representa um crescimento de quase 32% sobre o ano passado.<\/p>\n<p>Um dos motivos pelos quais o pre\u00e7o dos combust\u00edveis tem variado muito \u00e9 justamente a pol\u00edtica de reajuste implementada pela Petrobras. Os valores acompanham a cota\u00e7\u00e3o do petr\u00f3leo no mercado internacional diariamente. E como a Petrobras n\u00e3o aceita rever esse formato, uma redu\u00e7\u00e3o nos pre\u00e7os dos combust\u00edveis teria que vir da queda de impostos, como PIS\/Cofins e Cide (Contribui\u00e7\u00e3o de Interven\u00e7\u00e3o no Dom\u00ednio Econ\u00f4mico). O presidente da Petrobras, Pedro Parente, n\u00e3o participar\u00e1 da reuni\u00e3o no Planalto.<\/p>\n<p>A agenda do ministro da Fazenda, Eduardo Guardia, foi alterada de \u00faltima hora para que ele participasse da reuni\u00e3o. O ministro estava em S\u00e3o Paulo. Integrantes da \u00e1rea econ\u00f4mica avaliam que o clima na reuni\u00e3o ser\u00e1 &#8220;\u00b4pesado&#8221;. A equipe econ\u00f4mica promete resistir \u00e0s investidas dos ministros pol\u00edticos.<\/p>\n<p><strong>CARIRI EM A\u00c7\u00c3O<\/strong><\/p>\n<p>Com Ag\u00eancia o globo\/Foto: Reprodu\u00e7\u00e3o Internet, Divulga\u00e7\u00e3o<\/p>\n<p>Leia mais not\u00edcias em\u00a0<a href=\"http:\/\/www.caririemacao.com\/\">caririemacao.com<\/a>, siga nossa p\u00e1gina no\u00a0<a href=\"https:\/\/www.facebook.com\/CaririEmAcao\/?ref=aymt_homepage_panel\">Facebook<\/a>,\u00a0<a href=\"https:\/\/www.instagram.com\/cariri_em_acao\/?hl=pt-br\">Instagram<\/a>\u00a0e\u00a0<a href=\"https:\/\/www.youtube.com\/channel\/UCAptA0jQuYQy8vMhLt2m4qg\">Youtube<\/a>\u00a0e veja nossas mat\u00e9rias, v\u00eddeos e fotos. Voc\u00ea tamb\u00e9m pode enviar informa\u00e7\u00f5es \u00e0 Reda\u00e7\u00e3o do Portal Cariri em A\u00e7\u00e3o pelo WhatsApp (83) 9 9634.5791, (83) 9 9601-1162.<\/p>\n","protected":false},"excerpt":{"rendered":"<p>O governo est\u00e1 dividido sobre uma eventual redu\u00e7\u00e3o da\u00a0carga tribut\u00e1ria\u00a0sobre\u00a0combust\u00edveis. Enquanto a ala pol\u00edtica insiste que \u00e9 preciso aliviar o bolso dos consumidores em ano&hellip; <\/p>\n","protected":false},"author":2,"featured_media":51775,"comment_status":"closed","ping_status":"closed","sticky":false,"template":"","format":"standard","meta":{"sfsi_plus_gutenberg_text_before_share":"","sfsi_plus_gutenberg_show_text_before_share":"","sfsi_plus_gutenberg_icon_type":"","sfsi_plus_gutenberg_icon_alignemt":"","sfsi_plus_gutenburg_max_per_row":"","footnotes":""},"categories":[11],"tags":[],"class_list":["post-51774","post","type-post","status-publish","format-standard","has-post-thumbnail","hentry","category-politica"],"_links":{"self":[{"href":"https:\/\/www.caririemacao.com\/1\/wp-json\/wp\/v2\/posts\/51774","targetHints":{"allow":["GET"]}}],"collection":[{"href":"https:\/\/www.caririemacao.com\/1\/wp-json\/wp\/v2\/posts"}],"about":[{"href":"https:\/\/www.caririemacao.com\/1\/wp-json\/wp\/v2\/types\/post"}],"author":[{"embeddable":true,"href":"https:\/\/www.caririemacao.com\/1\/wp-json\/wp\/v2\/users\/2"}],"replies":[{"embeddable":true,"href":"https:\/\/www.caririemacao.com\/1\/wp-json\/wp\/v2\/comments?post=51774"}],"version-history":[{"count":0,"href":"https:\/\/www.caririemacao.com\/1\/wp-json\/wp\/v2\/posts\/51774\/revisions"}],"wp:featuredmedia":[{"embeddable":true,"href":"https:\/\/www.caririemacao.com\/1\/wp-json\/wp\/v2\/media\/51775"}],"wp:attachment":[{"href":"https:\/\/www.caririemacao.com\/1\/wp-json\/wp\/v2\/media?parent=51774"}],"wp:term":[{"taxonomy":"category","embeddable":true,"href":"https:\/\/www.caririemacao.com\/1\/wp-json\/wp\/v2\/categories?post=51774"},{"taxonomy":"post_tag","embeddable":true,"href":"https:\/\/www.caririemacao.com\/1\/wp-json\/wp\/v2\/tags?post=51774"}],"curies":[{"name":"wp","href":"https:\/\/api.w.org\/{rel}","templated":true}]}}