{"id":51782,"date":"2018-05-21T22:24:23","date_gmt":"2018-05-22T01:24:23","guid":{"rendered":"http:\/\/caririemacao.com\/1\/?p=51782"},"modified":"2018-05-21T22:24:23","modified_gmt":"2018-05-22T01:24:23","slug":"bode-rei-2018-esta-prestes-a-acontecer-e-espera-reunir-60-mil-pessoas-em-cabaceiras","status":"publish","type":"post","link":"https:\/\/www.caririemacao.com\/1\/2018\/05\/21\/bode-rei-2018-esta-prestes-a-acontecer-e-espera-reunir-60-mil-pessoas-em-cabaceiras\/","title":{"rendered":"Bode Rei 2018 est\u00e1 prestes a acontecer e espera reunir 60 mil pessoas em Cabaceiras"},"content":{"rendered":"<p>Nos pr\u00f3ximos dias 1, 2 e 3 de junho, o bode, animal mais caracter\u00edstico do Cariri, assumir\u00e1 sua majestade no mais antigo evento tem\u00e1tico da regi\u00e3o. A Festa do Bode Rei acontece em Cabaceiras, cidade conhecida como a Roli\u00fade Nordestina, situada h\u00e1 180 km de Jo\u00e3o Pessoa.<\/p>\n<p>Este ano, o evento comemora sua vig\u00e9sima edi\u00e7\u00e3o e pela primeira vez a festa ter\u00e1 um tema: \u201cO Reino Encantado do Bode Rei\u201d, apresentando a majestade da caprinovinocultura como respons\u00e1vel pela cadeia produtiva do munic\u00edpio. Cabaceiras j\u00e1 se prepara para receber milhares de turistas, como ocorre ano a ano.<\/p>\n<p>A expectativa da organiza\u00e7\u00e3o \u00e9 que 60 mil pessoas passem pela cidade nos tr\u00eas dias de festa. A secret\u00e1ria de turismo do munic\u00edpio, Mariana Castro, disse que o aumento tur\u00edstico deste ano se dever\u00e1 ao fato de Cabaceiras est\u00e1 projetada na m\u00eddia nacional com a surpers\u00e9rie da rede Globo, Onde Nascem os Fortes, encenada no munic\u00edpio.<\/p>\n<p>A programa\u00e7\u00e3o do Bode Rei \u00e9 diversificada e contar\u00e1 com Feira T\u00e9cnica do Agricultor, Expofeira de Artesanato, Arraial Popular, Palco Cultural e Roli\u00fade Rall, concursos, espa\u00e7o gastron\u00f4mico, Expofeira de Caprinos e Ovinos e Pedal do Bode Rei. Grandes shows musicais est\u00e3o confirmados para a edi\u00e7\u00e3o deste ano a exemplo de Jonas Esticado, Wallas Arrais, Walquiria Santos e Jos\u00e9 Orlando.<\/p>\n<p><strong>CARIRI EM A\u00c7\u00c3O<\/strong><\/p>\n<p>Com Vitrine do Cariri\/Foto: Reprodu\u00e7\u00e3o google<\/p>\n<p>Leia mais not\u00edcias em\u00a0<a href=\"http:\/\/www.caririemacao.com\/\">caririemacao.com<\/a>, siga nossa p\u00e1gina no\u00a0<a href=\"https:\/\/www.facebook.com\/CaririEmAcao\/?ref=aymt_homepage_panel\">Facebook<\/a>,\u00a0<a href=\"https:\/\/www.instagram.com\/cariri_em_acao\/?hl=pt-br\">Instagram<\/a>\u00a0e\u00a0<a href=\"https:\/\/www.youtube.com\/channel\/UCAptA0jQuYQy8vMhLt2m4qg\">Youtube<\/a>\u00a0e veja nossas mat\u00e9rias, v\u00eddeos e fotos. Voc\u00ea tamb\u00e9m pode enviar informa\u00e7\u00f5es \u00e0 Reda\u00e7\u00e3o do Portal Cariri em A\u00e7\u00e3o pelo WhatsApp (83) 9 9634.5791, (83) 9 9601-1162.<\/p>\n","protected":false},"excerpt":{"rendered":"<p>Nos pr\u00f3ximos dias 1, 2 e 3 de junho, o bode, animal mais caracter\u00edstico do Cariri, assumir\u00e1 sua majestade no mais antigo evento tem\u00e1tico da&hellip; <\/p>\n","protected":false},"author":2,"featured_media":50707,"comment_status":"closed","ping_status":"closed","sticky":false,"template":"","format":"standard","meta":{"sfsi_plus_gutenberg_text_before_share":"","sfsi_plus_gutenberg_show_text_before_share":"","sfsi_plus_gutenberg_icon_type":"","sfsi_plus_gutenberg_icon_alignemt":"","sfsi_plus_gutenburg_max_per_row":"","footnotes":""},"categories":[6],"tags":[],"class_list":["post-51782","post","type-post","status-publish","format-standard","has-post-thumbnail","hentry","category-cidades"],"_links":{"self":[{"href":"https:\/\/www.caririemacao.com\/1\/wp-json\/wp\/v2\/posts\/51782","targetHints":{"allow":["GET"]}}],"collection":[{"href":"https:\/\/www.caririemacao.com\/1\/wp-json\/wp\/v2\/posts"}],"about":[{"href":"https:\/\/www.caririemacao.com\/1\/wp-json\/wp\/v2\/types\/post"}],"author":[{"embeddable":true,"href":"https:\/\/www.caririemacao.com\/1\/wp-json\/wp\/v2\/users\/2"}],"replies":[{"embeddable":true,"href":"https:\/\/www.caririemacao.com\/1\/wp-json\/wp\/v2\/comments?post=51782"}],"version-history":[{"count":0,"href":"https:\/\/www.caririemacao.com\/1\/wp-json\/wp\/v2\/posts\/51782\/revisions"}],"wp:featuredmedia":[{"embeddable":true,"href":"https:\/\/www.caririemacao.com\/1\/wp-json\/wp\/v2\/media\/50707"}],"wp:attachment":[{"href":"https:\/\/www.caririemacao.com\/1\/wp-json\/wp\/v2\/media?parent=51782"}],"wp:term":[{"taxonomy":"category","embeddable":true,"href":"https:\/\/www.caririemacao.com\/1\/wp-json\/wp\/v2\/categories?post=51782"},{"taxonomy":"post_tag","embeddable":true,"href":"https:\/\/www.caririemacao.com\/1\/wp-json\/wp\/v2\/tags?post=51782"}],"curies":[{"name":"wp","href":"https:\/\/api.w.org\/{rel}","templated":true}]}}