{"id":52069,"date":"2018-05-24T08:58:34","date_gmt":"2018-05-24T11:58:34","guid":{"rendered":"http:\/\/caririemacao.com\/1\/?p=52069"},"modified":"2018-05-24T08:58:34","modified_gmt":"2018-05-24T11:58:34","slug":"vereador-de-ouro-velho-defende-que-eva-gouveia-indique-sucessor-de-romulo","status":"publish","type":"post","link":"https:\/\/www.caririemacao.com\/1\/2018\/05\/24\/vereador-de-ouro-velho-defende-que-eva-gouveia-indique-sucessor-de-romulo\/","title":{"rendered":"Vereador de Ouro Velho defende que Eva Gouveia indique sucessor de R\u00f4mulo"},"content":{"rendered":"<p>O vereador de Ouro Velho, Paulo J\u00fanior, defendeu que as lideran\u00e7as apoiem a candidatura da base pol\u00edtica de R\u00f4mulo, e que a ex-deputada Eva Gouveia indique o sucessor de R\u00f4mulo Gouveia.<\/p>\n<p>\u201cTanto Eva como Robson Gouveia seriam \u00f3timos nomes para essa disputa a uma vaga na C\u00e2mara Federal. Precisamos retribuir todo o trabalho que R\u00f4mulo desenvolveu por nosso munic\u00edpio e precisamos de algu\u00e9m que tenha a r\u00f4mulo mesma linha de atua\u00e7\u00e3o\u201d, disse Paulo Jr.<\/p>\n<p>O vereador destacou a import\u00e2ncia pol\u00edtica de R\u00f4mulo e aten\u00e7\u00e3o que dava \u00e0s lideran\u00e7as e \u00e0 popula\u00e7\u00e3o. \u201cEle era um grande l\u00edder e deixa um grande legado. Precisamos dar continuidade as suas a\u00e7\u00f5es e ao seu trabalho\u201d, defendeu.<\/p>\n<p>Paulo J\u00fanior \u00e9 do PSDB e integra a base aliada da prefeita de Ouro Velho, Nat\u00e1lia Lira, do PSD, que j\u00e1 votou em R\u00f4mulo Gouveia na elei\u00e7\u00e3o passada e o apoiaria novamente no pleito eleitoral deste ano.<\/p>\n<p>Na noite desta ter\u00e7a-feira, 22, familiares de R\u00f4mulo Gouveia juntamente com o Senador C\u00e1ssio Cunha Lima e o prefeito Romero Rodrigues, reuniram em um apartamente em Bras\u00edlia, com prefeitos e aliados do grupo do R\u00f4mulo que participam da Marcha dos Prefeitos, para discutir o nome que ser\u00e1 indicado.<\/p>\n<p><strong>CARIRI EM A\u00c7\u00c3O<\/strong><\/p>\n<p>Com Vitrine do Cariri\/Foto: Divulga\u00e7\u00e3o<\/p>\n<p>Leia mais not\u00edcias em\u00a0<a href=\"http:\/\/www.caririemacao.com\/\">caririemacao.com<\/a>, siga nossa p\u00e1gina no\u00a0<a href=\"https:\/\/www.facebook.com\/CaririEmAcao\/?ref=aymt_homepage_panel\">Facebook<\/a>,\u00a0<a href=\"https:\/\/www.instagram.com\/cariri_em_acao\/?hl=pt-br\">Instagram<\/a>\u00a0e <a href=\"https:\/\/www.youtube.com\/channel\/UCAptA0jQuYQy8vMhLt2m4qg\">Youtube<\/a>\u00a0e veja nossas mat\u00e9rias, v\u00eddeos e fotos. Voc\u00ea tamb\u00e9m pode enviar informa\u00e7\u00f5es \u00e0 Reda\u00e7\u00e3o do Portal Cariri em A\u00e7\u00e3o pelo WhatsApp (83) 9 9634.5791, (83) 9 9601-1162.<\/p>\n","protected":false},"excerpt":{"rendered":"<p>O vereador de Ouro Velho, Paulo J\u00fanior, defendeu que as lideran\u00e7as apoiem a candidatura da base pol\u00edtica de R\u00f4mulo, e que a ex-deputada Eva Gouveia&hellip; <\/p>\n","protected":false},"author":2,"featured_media":52070,"comment_status":"closed","ping_status":"closed","sticky":false,"template":"","format":"standard","meta":{"sfsi_plus_gutenberg_text_before_share":"","sfsi_plus_gutenberg_show_text_before_share":"","sfsi_plus_gutenberg_icon_type":"","sfsi_plus_gutenberg_icon_alignemt":"","sfsi_plus_gutenburg_max_per_row":"","footnotes":""},"categories":[11],"tags":[],"class_list":["post-52069","post","type-post","status-publish","format-standard","has-post-thumbnail","hentry","category-politica"],"_links":{"self":[{"href":"https:\/\/www.caririemacao.com\/1\/wp-json\/wp\/v2\/posts\/52069","targetHints":{"allow":["GET"]}}],"collection":[{"href":"https:\/\/www.caririemacao.com\/1\/wp-json\/wp\/v2\/posts"}],"about":[{"href":"https:\/\/www.caririemacao.com\/1\/wp-json\/wp\/v2\/types\/post"}],"author":[{"embeddable":true,"href":"https:\/\/www.caririemacao.com\/1\/wp-json\/wp\/v2\/users\/2"}],"replies":[{"embeddable":true,"href":"https:\/\/www.caririemacao.com\/1\/wp-json\/wp\/v2\/comments?post=52069"}],"version-history":[{"count":0,"href":"https:\/\/www.caririemacao.com\/1\/wp-json\/wp\/v2\/posts\/52069\/revisions"}],"wp:featuredmedia":[{"embeddable":true,"href":"https:\/\/www.caririemacao.com\/1\/wp-json\/wp\/v2\/media\/52070"}],"wp:attachment":[{"href":"https:\/\/www.caririemacao.com\/1\/wp-json\/wp\/v2\/media?parent=52069"}],"wp:term":[{"taxonomy":"category","embeddable":true,"href":"https:\/\/www.caririemacao.com\/1\/wp-json\/wp\/v2\/categories?post=52069"},{"taxonomy":"post_tag","embeddable":true,"href":"https:\/\/www.caririemacao.com\/1\/wp-json\/wp\/v2\/tags?post=52069"}],"curies":[{"name":"wp","href":"https:\/\/api.w.org\/{rel}","templated":true}]}}