{"id":52072,"date":"2018-05-24T09:02:04","date_gmt":"2018-05-24T12:02:04","guid":{"rendered":"http:\/\/caririemacao.com\/1\/?p=52072"},"modified":"2018-05-24T09:02:04","modified_gmt":"2018-05-24T12:02:04","slug":"obras-comecam-em-pocoes-e-devem-durar-ate-quatro-meses","status":"publish","type":"post","link":"https:\/\/www.caririemacao.com\/1\/2018\/05\/24\/obras-comecam-em-pocoes-e-devem-durar-ate-quatro-meses\/","title":{"rendered":"Obras come\u00e7am em Po\u00e7\u00f5es e devem durar at\u00e9 quatro meses"},"content":{"rendered":"<p>As obras da tomada complementar de \u00e1gua (rasgo) no a\u00e7ude de Po\u00e7\u00f5es (eixo leste da transposi\u00e7\u00e3o), localizado no Cariri paraibano, devem durar aproximadamente quatro meses. A informa\u00e7\u00e3o foi repassada pelo diretor do Departamento Nacional de Obras Contra as Secas (Dnocs) na Para\u00edba, Alberto Gomes.<\/p>\n<p>Os servi\u00e7os foram retomados na \u00faltima ter\u00e7a-feira (15). Na segunda-feira (14), o Minist\u00e9rio P\u00fablico Federal (MPF), em Jo\u00e3o Pessoa, realizou uma reuni\u00e3o com empresa PB Constru\u00e7\u00f5es, respons\u00e1vel pela obra, que se comprometeu a come\u00e7ar os trabalhos ainda naquela semana.<\/p>\n<p>Durante o encontro da segunda, ficou definido que o MPF enviaria ao Minist\u00e9rio da Integra\u00e7\u00e3o Nacional coloca\u00e7\u00f5es da PB Constru\u00e7\u00f5es acerca de atrasos no pagamento das medi\u00e7\u00f5es da obra. O Minist\u00e9rio P\u00fablico Federal enviaria tamb\u00e9m, ao Dnocs, documenta\u00e7\u00e3o que ser\u00e1 entregue pela empresa para an\u00e1lise jur\u00eddica do pagamento de v\u00e1lvulas adquiridas para uso na obra.<\/p>\n<p><strong>S\u00e3o Gon\u00e7alo<\/strong><\/p>\n<p>Ainda na reuni\u00e3o da segunda-feira, o Dnocs se comprometeu a apresentar ao MPF em Sousa, em 10 dias, o cronograma da obra executada no a\u00e7ude S\u00e3o Gon\u00e7alo, no Sert\u00e3o da Para\u00edba. O reservat\u00f3rio tamb\u00e9m est\u00e1 em obra para receber \u00e1guas do Projeto de Integra\u00e7\u00e3o do S\u00e3o Francisco (Pisf), eixo norte.<\/p>\n<p><strong>CARIRI EM A\u00c7\u00c3O<\/strong><\/p>\n<p>Com Portal Correio \/Foto:Cariri em A\u00e7\u00e3o<\/p>\n<p>Leia mais not\u00edcias em\u00a0<a href=\"http:\/\/www.caririemacao.com\/\">caririemacao.com<\/a>, siga nossa p\u00e1gina no\u00a0<a href=\"https:\/\/www.facebook.com\/CaririEmAcao\/?ref=aymt_homepage_panel\">Facebook<\/a>,\u00a0<a href=\"https:\/\/www.instagram.com\/cariri_em_acao\/?hl=pt-br\">Instagram<\/a>\u00a0e <a href=\"https:\/\/www.youtube.com\/channel\/UCAptA0jQuYQy8vMhLt2m4qg\">Youtube<\/a>\u00a0e veja nossas mat\u00e9rias, v\u00eddeos e fotos. Voc\u00ea tamb\u00e9m pode enviar informa\u00e7\u00f5es \u00e0 Reda\u00e7\u00e3o do Portal Cariri em A\u00e7\u00e3o pelo WhatsApp (83) 9 9634.5791, (83) 9 9601-1162.<\/p>\n","protected":false},"excerpt":{"rendered":"<p>As obras da tomada complementar de \u00e1gua (rasgo) no a\u00e7ude de Po\u00e7\u00f5es (eixo leste da transposi\u00e7\u00e3o), localizado no Cariri paraibano, devem durar aproximadamente quatro meses.&hellip; <\/p>\n","protected":false},"author":2,"featured_media":26174,"comment_status":"closed","ping_status":"closed","sticky":false,"template":"","format":"standard","meta":{"sfsi_plus_gutenberg_text_before_share":"","sfsi_plus_gutenberg_show_text_before_share":"","sfsi_plus_gutenberg_icon_type":"","sfsi_plus_gutenberg_icon_alignemt":"","sfsi_plus_gutenburg_max_per_row":"","footnotes":""},"categories":[6],"tags":[],"class_list":["post-52072","post","type-post","status-publish","format-standard","has-post-thumbnail","hentry","category-cidades"],"_links":{"self":[{"href":"https:\/\/www.caririemacao.com\/1\/wp-json\/wp\/v2\/posts\/52072","targetHints":{"allow":["GET"]}}],"collection":[{"href":"https:\/\/www.caririemacao.com\/1\/wp-json\/wp\/v2\/posts"}],"about":[{"href":"https:\/\/www.caririemacao.com\/1\/wp-json\/wp\/v2\/types\/post"}],"author":[{"embeddable":true,"href":"https:\/\/www.caririemacao.com\/1\/wp-json\/wp\/v2\/users\/2"}],"replies":[{"embeddable":true,"href":"https:\/\/www.caririemacao.com\/1\/wp-json\/wp\/v2\/comments?post=52072"}],"version-history":[{"count":0,"href":"https:\/\/www.caririemacao.com\/1\/wp-json\/wp\/v2\/posts\/52072\/revisions"}],"wp:featuredmedia":[{"embeddable":true,"href":"https:\/\/www.caririemacao.com\/1\/wp-json\/wp\/v2\/media\/26174"}],"wp:attachment":[{"href":"https:\/\/www.caririemacao.com\/1\/wp-json\/wp\/v2\/media?parent=52072"}],"wp:term":[{"taxonomy":"category","embeddable":true,"href":"https:\/\/www.caririemacao.com\/1\/wp-json\/wp\/v2\/categories?post=52072"},{"taxonomy":"post_tag","embeddable":true,"href":"https:\/\/www.caririemacao.com\/1\/wp-json\/wp\/v2\/tags?post=52072"}],"curies":[{"name":"wp","href":"https:\/\/api.w.org\/{rel}","templated":true}]}}