{"id":52074,"date":"2018-05-24T09:06:41","date_gmt":"2018-05-24T12:06:41","guid":{"rendered":"http:\/\/caririemacao.com\/1\/?p=52074"},"modified":"2018-05-24T09:06:41","modified_gmt":"2018-05-24T12:06:41","slug":"universidades-de-cajazeiras-suspendem-aulas-devido-protestos-contra-aumento-de-combustiveis","status":"publish","type":"post","link":"https:\/\/www.caririemacao.com\/1\/2018\/05\/24\/universidades-de-cajazeiras-suspendem-aulas-devido-protestos-contra-aumento-de-combustiveis\/","title":{"rendered":"Universidades de Cajazeiras suspendem aulas devido protestos contra aumento de combust\u00edveis"},"content":{"rendered":"<p>A dire\u00e7\u00e3o do Instituto Federal da Para\u00edba, Campus de\u00a0Cajazeiras\u00a0emitiu comunicado na noite dessa quarta-feira (24), suspendendo as aulas durante toda esta quinta-feira (24), devido ao protesto dos caminhoneiros.<\/p>\n<div id=\"beacon_032cd25d4d\"><img decoding=\"async\" src=\"http:\/\/adserver.diariodosertao.com.br\/www\/delivery\/lg.php?bannerid=354&amp;campaignid=54&amp;zoneid=126&amp;loc=http%3A%2F%2Fwww.diariodosertao.com.br%2Fnoticias%2Fcidades%2F258728%2Funiversidades-de-cajazeiras-suspendem-aulas-devido-protestos-contra-aumento-de-combustiveis.html&amp;cb=032cd25d4d\" alt=\"\" width=\"0\" height=\"0\" \/>A dire\u00e7\u00e3o explicou que a medida \u00e9 devida a impossibilidade de deslocamento de professores e alunos at\u00e9 a institui\u00e7\u00e3o.<\/div>\n<p>A dire\u00e7\u00e3o da Universidade Federal de Campina Grande, Campus de\u00a0Cajazeiras\u00a0tamb\u00e9m suspendeu as aulas durante esta quinta devido aos protestos.<\/p>\n<p><strong>Entenda<\/strong><br \/>\nOs postos de combust\u00edveis das cidades de\u00a0Cajazeiras\u00a0e\u00a0Sousa\u00a0ficaram lotados e os consumidores que queriam abastecer seus ve\u00edculos como garantia de que n\u00e3o ficar\u00e3o sem combust\u00edvel nos pr\u00f3ximos dias, em raz\u00e3o da paralisa\u00e7\u00e3o nacional dos caminhoneiros, precisaram esperar em longas filas at\u00e9 conseguir abastecer.<\/p>\n<p><strong>CARIRI EM A\u00c7\u00c3O<\/strong><\/p>\n<p>Com \u00a0Di\u00e1rio do Sert\u00e3o\u00a0\/Foto: Reprodu\u00e7\u00e3o Internet<\/p>\n<p>Leia mais not\u00edcias em\u00a0<a href=\"http:\/\/www.caririemacao.com\/\">caririemacao.com<\/a>, siga nossa p\u00e1gina no\u00a0<a href=\"https:\/\/www.facebook.com\/CaririEmAcao\/?ref=aymt_homepage_panel\">Facebook<\/a>,\u00a0<a href=\"https:\/\/www.instagram.com\/cariri_em_acao\/?hl=pt-br\">Instagram<\/a>\u00a0e <a href=\"https:\/\/www.youtube.com\/channel\/UCAptA0jQuYQy8vMhLt2m4qg\">Youtube<\/a>\u00a0e veja nossas mat\u00e9rias, v\u00eddeos e fotos. Voc\u00ea tamb\u00e9m pode enviar informa\u00e7\u00f5es \u00e0 Reda\u00e7\u00e3o do Portal Cariri em A\u00e7\u00e3o pelo WhatsApp (83) 9 9634.5791, (83) 9 9601-1162.<\/p>\n","protected":false},"excerpt":{"rendered":"<p>A dire\u00e7\u00e3o do Instituto Federal da Para\u00edba, Campus de\u00a0Cajazeiras\u00a0emitiu comunicado na noite dessa quarta-feira (24), suspendendo as aulas durante toda esta quinta-feira (24), devido ao&hellip; <\/p>\n","protected":false},"author":2,"featured_media":51796,"comment_status":"closed","ping_status":"closed","sticky":false,"template":"","format":"standard","meta":{"sfsi_plus_gutenberg_text_before_share":"","sfsi_plus_gutenberg_show_text_before_share":"","sfsi_plus_gutenberg_icon_type":"","sfsi_plus_gutenberg_icon_alignemt":"","sfsi_plus_gutenburg_max_per_row":"","footnotes":""},"categories":[14],"tags":[],"class_list":["post-52074","post","type-post","status-publish","format-standard","has-post-thumbnail","hentry","category-educacao"],"_links":{"self":[{"href":"https:\/\/www.caririemacao.com\/1\/wp-json\/wp\/v2\/posts\/52074","targetHints":{"allow":["GET"]}}],"collection":[{"href":"https:\/\/www.caririemacao.com\/1\/wp-json\/wp\/v2\/posts"}],"about":[{"href":"https:\/\/www.caririemacao.com\/1\/wp-json\/wp\/v2\/types\/post"}],"author":[{"embeddable":true,"href":"https:\/\/www.caririemacao.com\/1\/wp-json\/wp\/v2\/users\/2"}],"replies":[{"embeddable":true,"href":"https:\/\/www.caririemacao.com\/1\/wp-json\/wp\/v2\/comments?post=52074"}],"version-history":[{"count":0,"href":"https:\/\/www.caririemacao.com\/1\/wp-json\/wp\/v2\/posts\/52074\/revisions"}],"wp:featuredmedia":[{"embeddable":true,"href":"https:\/\/www.caririemacao.com\/1\/wp-json\/wp\/v2\/media\/51796"}],"wp:attachment":[{"href":"https:\/\/www.caririemacao.com\/1\/wp-json\/wp\/v2\/media?parent=52074"}],"wp:term":[{"taxonomy":"category","embeddable":true,"href":"https:\/\/www.caririemacao.com\/1\/wp-json\/wp\/v2\/categories?post=52074"},{"taxonomy":"post_tag","embeddable":true,"href":"https:\/\/www.caririemacao.com\/1\/wp-json\/wp\/v2\/tags?post=52074"}],"curies":[{"name":"wp","href":"https:\/\/api.w.org\/{rel}","templated":true}]}}