{"id":52195,"date":"2018-05-25T09:06:18","date_gmt":"2018-05-25T12:06:18","guid":{"rendered":"http:\/\/caririemacao.com\/1\/?p=52195"},"modified":"2018-05-25T09:06:18","modified_gmt":"2018-05-25T12:06:18","slug":"entidades-vao-apresentar-demandas-da-educacao-para-candidatos","status":"publish","type":"post","link":"https:\/\/www.caririemacao.com\/1\/2018\/05\/25\/entidades-vao-apresentar-demandas-da-educacao-para-candidatos\/","title":{"rendered":"Entidades v\u00e3o apresentar demandas da educa\u00e7\u00e3o para candidatos"},"content":{"rendered":"<p>Mais de 4 mil professores, reitores, pesquisadores, estudantes e integrantes de movimentos sociais re\u00fanem-se a partir de hoje (24) em Belo Horizonte na Confer\u00eancia Nacional Popular de Educa\u00e7\u00e3o (Conape), organizada por mais de 30 entidades da sociedade civil. A inten\u00e7\u00e3o \u00e9 consolidar um documento com demandas para a educa\u00e7\u00e3o que ser\u00e3o levadas aos candidatos nas elei\u00e7\u00f5es de outubro.<\/p>\n<p>&#8220;Queremos que esse documento seja refer\u00eancia para debater com os candidatos tanto \u00e0 presid\u00eancia da Rep\u00fablica e aos governos de estado quanto ao Congresso Nacional e assembleias legislativas. A inten\u00e7\u00e3o \u00e9 que quem est\u00e1 pleiteando esses cargos assuma as propostas dentro dos seus programas de governo e que possamos cobrar depois dos eleitos&#8221;, diz Heleno Ara\u00fajo, coordenador do F\u00f3rum Nacional Popular de Educa\u00e7\u00e3o (FNPE), que \u00e9 respons\u00e1vel pela organiza\u00e7\u00e3o do evento,.<\/p>\n<p>A etapa nacional ocorre ap\u00f3s reuni\u00f5es municipais e estaduais. O documento refer\u00eancia que ser\u00e1 debatido at\u00e9 este s\u00e1bado (26)\u00a0est\u00e1 dispon\u00edvel na p\u00e1gina do FNPE\u00a0na internet. Entre as principais demandas est\u00e3o a valoriza\u00e7\u00e3o dos profissionais da educa\u00e7\u00e3o, a garantia de investimento p\u00fablico exclusivamente para o ensino p\u00fablico e a gest\u00e3o democr\u00e1tica da educa\u00e7\u00e3o brasileira em todos os n\u00edveis, sistemas, institui\u00e7\u00f5es e com amplia\u00e7\u00e3o da participa\u00e7\u00e3o popular.<\/p>\n<p><strong>Confer\u00eancias<\/strong><\/p>\n<p>A Conape foi organizada tendo como base a Confer\u00eancia Nacional de Educa\u00e7\u00e3o (Conae), que neste ano ser\u00e1 realizada em novembro. O objetivo das confer\u00eancias \u00e9 reunir os mais diversos atores e construir uma pauta conjunta para o setor.<\/p>\n<p>Da primeira Conae, em 2010, saiu o texto que deu origem ao Plano Nacional de Educa\u00e7\u00e3o (PNE), lei que estabelece 20 metas para serem cumpridas at\u00e9 2024, que v\u00e3o desde a educa\u00e7\u00e3o infantil \u00e0 p\u00f3s-gradua\u00e7\u00e3o. Al\u00e9m disso, as metas incluem a valoriza\u00e7\u00e3o dos professores e o aumento de investimentos no setor, que dever\u00e1 saltar dos atuais 6,6% do Produto Interno Bruto (PIB) para 10% do PIB at\u00e9 o fim da vig\u00eancia.<\/p>\n<p>A Conae \u00e9 organizada pelo F\u00f3rum Nacional de Educa\u00e7\u00e3o (FNE). No ano passado, o Minist\u00e9rio da Educa\u00e7\u00e3o (MEC)\u00a0alterou a composi\u00e7\u00e3o do FNE, excluindo entidades como a Associa\u00e7\u00e3o Nacional de P\u00f3s-Gradua\u00e7\u00e3o e Pesquisa em Educa\u00e7\u00e3o (Anped) e a Confedera\u00e7\u00e3o Nacional dos Trabalhadores em Estabelecimentos de Ensino (Contee) e incluindo outras.\u00a0Na \u00e9poca, entidades ligadas \u00e0 educa\u00e7\u00e3o consideraram a medida arbitr\u00e1ria e inadmiss\u00edvel. O MEC disse que a altera\u00e7\u00e3o evitaria que discuss\u00f5es pol\u00edtico-partid\u00e1rias interferissem na pol\u00edtica educacional do pa\u00eds.\u00a0Tamb\u00e9m foi adiada a Conae, que ocorreria no primeiro semestre. A confer\u00eancia passou para novembro, ap\u00f3s as elei\u00e7\u00f5es. Para que o debate fosse antecipado e outros agentes participassem mais ativamente, foi organizada a Conape.<\/p>\n<p>O FNPE, alternativo ao FNE, re\u00fane entidades como a Associa\u00e7\u00e3o Nacional dos Dirigentes das Institui\u00e7\u00f5es Federais de Ensino Superior (Andifes), a Confedere\u00e7\u00e3o Nacional dos Trabalhadores em Educa\u00e7\u00e3o (CNTE), o F\u00f3rum de Professores das Institui\u00e7\u00f5es Federais de Ensino (Proifes) e a Uni\u00e3o Nacional dos Estudantes (Une), entre outras. Algumas delas comp\u00f5em tamb\u00e9m o FNE.<\/p>\n<p><strong>CARIRI EM A\u00c7\u00c3O<\/strong><\/p>\n<p>Com EBC\/Foto: Reprodu\u00e7\u00e3o Internet<\/p>\n<p>Leia mais not\u00edcias em\u00a0<a href=\"http:\/\/www.caririemacao.com\/\">caririemacao.com<\/a>, siga nossa p\u00e1gina no\u00a0<a href=\"https:\/\/www.facebook.com\/CaririEmAcao\/?ref=aymt_homepage_panel\">Facebook<\/a>,\u00a0<a href=\"https:\/\/www.instagram.com\/cariri_em_acao\/?hl=pt-br\">Instagram<\/a>\u00a0e <a href=\"https:\/\/www.youtube.com\/channel\/UCAptA0jQuYQy8vMhLt2m4qg\">Youtube<\/a>\u00a0e veja nossas mat\u00e9rias, v\u00eddeos e fotos. Voc\u00ea tamb\u00e9m pode enviar informa\u00e7\u00f5es \u00e0 Reda\u00e7\u00e3o do Portal Cariri em A\u00e7\u00e3o pelo WhatsApp (83) 9 9634.5791, (83) 9 9601-1162.<\/p>\n","protected":false},"excerpt":{"rendered":"<p>Mais de 4 mil professores, reitores, pesquisadores, estudantes e integrantes de movimentos sociais re\u00fanem-se a partir de hoje (24) em Belo Horizonte na Confer\u00eancia Nacional&hellip; <\/p>\n","protected":false},"author":2,"featured_media":35637,"comment_status":"closed","ping_status":"closed","sticky":false,"template":"","format":"standard","meta":{"sfsi_plus_gutenberg_text_before_share":"","sfsi_plus_gutenberg_show_text_before_share":"","sfsi_plus_gutenberg_icon_type":"","sfsi_plus_gutenberg_icon_alignemt":"","sfsi_plus_gutenburg_max_per_row":"","footnotes":""},"categories":[14],"tags":[],"class_list":["post-52195","post","type-post","status-publish","format-standard","has-post-thumbnail","hentry","category-educacao"],"_links":{"self":[{"href":"https:\/\/www.caririemacao.com\/1\/wp-json\/wp\/v2\/posts\/52195","targetHints":{"allow":["GET"]}}],"collection":[{"href":"https:\/\/www.caririemacao.com\/1\/wp-json\/wp\/v2\/posts"}],"about":[{"href":"https:\/\/www.caririemacao.com\/1\/wp-json\/wp\/v2\/types\/post"}],"author":[{"embeddable":true,"href":"https:\/\/www.caririemacao.com\/1\/wp-json\/wp\/v2\/users\/2"}],"replies":[{"embeddable":true,"href":"https:\/\/www.caririemacao.com\/1\/wp-json\/wp\/v2\/comments?post=52195"}],"version-history":[{"count":0,"href":"https:\/\/www.caririemacao.com\/1\/wp-json\/wp\/v2\/posts\/52195\/revisions"}],"wp:featuredmedia":[{"embeddable":true,"href":"https:\/\/www.caririemacao.com\/1\/wp-json\/wp\/v2\/media\/35637"}],"wp:attachment":[{"href":"https:\/\/www.caririemacao.com\/1\/wp-json\/wp\/v2\/media?parent=52195"}],"wp:term":[{"taxonomy":"category","embeddable":true,"href":"https:\/\/www.caririemacao.com\/1\/wp-json\/wp\/v2\/categories?post=52195"},{"taxonomy":"post_tag","embeddable":true,"href":"https:\/\/www.caririemacao.com\/1\/wp-json\/wp\/v2\/tags?post=52195"}],"curies":[{"name":"wp","href":"https:\/\/api.w.org\/{rel}","templated":true}]}}