{"id":52197,"date":"2018-05-25T09:10:27","date_gmt":"2018-05-25T12:10:27","guid":{"rendered":"http:\/\/caririemacao.com\/1\/?p=52197"},"modified":"2018-05-25T09:16:26","modified_gmt":"2018-05-25T12:16:26","slug":"gurjao-teve-segundo-melhor-programa-inovador-do-brasil-e-prefeito-ronaldo-queiroz-recebe-premio","status":"publish","type":"post","link":"https:\/\/www.caririemacao.com\/1\/2018\/05\/25\/gurjao-teve-segundo-melhor-programa-inovador-do-brasil-e-prefeito-ronaldo-queiroz-recebe-premio\/","title":{"rendered":"Gurj\u00e3o teve segundo melhor programa inovador do Brasil e prefeito Ronaldo Queiroz recebe pr\u00eamio"},"content":{"rendered":"<p>O prefeito de Gurj\u00e3o, Ronaldo Queiroz, recebeu premia\u00e7\u00e3o durante a Marcha dos Prefeitos, em Bras\u00edlia, ao ser divulgado o resultado final do \u201cPr\u00eamio MuniCi\u00eancia\u201d na categoria munic\u00edpio inovador. O programa Protagonismo Juvenil, implantado na atual gest\u00e3o municipal de Gurj\u00e3o, concorreu com mais de 250 projetos de todo o Pa\u00eds e ao final do concurso ficou em segundo lugar nacional.<\/p>\n<p>O programa Protagonismo Juvenil visa \u00e0 forma\u00e7\u00e3o b\u00e1sica dos jovens da cidade de Gurj\u00e3o e \u00e9 desenvolvido em duas etapas. Na primeira delas, os articuladores desenvolveram atividades que estimularam os jovens a definir suas compet\u00eancias e identificar suas habilidades, assim como melhorar a autoestima diante de seus sonhos, e na segunda, os jovens t\u00eam acesso a cursos t\u00e9cnicos e profissionalizantes, que potencializam sua inser\u00e7\u00e3o no mercado de trabalho.<\/p>\n<p>A ideia foi concebida pelo prefeito Ronaldo Queiroz com sua equipe e atrav\u00e9s de parcerias e investimentos pr\u00f3prios, a Prefeitura de Gurj\u00e3o beneficia dezenas de jovens.<\/p>\n<p>Para o prefeito Ronaldo Queiroz, que fez uso da tribuna na Marcha dos Prefeitos ao receber o pr\u00eamio, mesmo com as dificuldades enfrentadas pelos munic\u00edpios em 2017 foi preciso ser criativo para beneficiar um grupo social como a juventude, que n\u00e3o recebe por parte do Governo Central o incentivo adequado na promo\u00e7\u00e3o de pol\u00edticas p\u00fablicas em seu favor.<\/p>\n<p>\u201cN\u00f3s implantamos um programa de forma\u00e7\u00e3o inovadora de nossos jovens, desenvolvimento de suas potencialidade e cursos para contribuir com sua inser\u00e7\u00e3o no mercado de trabalho. Fizemos isso com recursos pr\u00f3prios e estamos revolucionando para melhor a vida de nossa juventude, numa cidade encravada numa das regi\u00f5es mais pobres do Estado da Para\u00edba. Para n\u00f3s foi uma gratificante vit\u00f3ria\u201d, pontuou o gestor.<\/p>\n<p><strong>CARIRI EM A\u00c7\u00c3O<\/strong><\/p>\n<p>Foto: Reprodu\u00e7\u00e3o Internet<\/p>\n<p>Leia mais not\u00edcias em\u00a0<a href=\"http:\/\/www.caririemacao.com\/\">caririemacao.com<\/a>, siga nossa p\u00e1gina no\u00a0<a href=\"https:\/\/www.facebook.com\/CaririEmAcao\/?ref=aymt_homepage_panel\">Facebook<\/a>,\u00a0<a href=\"https:\/\/www.instagram.com\/cariri_em_acao\/?hl=pt-br\">Instagram<\/a>\u00a0e <a href=\"https:\/\/www.youtube.com\/channel\/UCAptA0jQuYQy8vMhLt2m4qg\">Youtube<\/a>\u00a0e veja nossas mat\u00e9rias, v\u00eddeos e fotos. Voc\u00ea tamb\u00e9m pode enviar informa\u00e7\u00f5es \u00e0 Reda\u00e7\u00e3o do Portal Cariri em A\u00e7\u00e3o pelo WhatsApp (83) 9 9634.5791, (83) 9 9601-1162.<\/p>\n","protected":false},"excerpt":{"rendered":"<p>O prefeito de Gurj\u00e3o, Ronaldo Queiroz, recebeu premia\u00e7\u00e3o durante a Marcha dos Prefeitos, em Bras\u00edlia, ao ser divulgado o resultado final do \u201cPr\u00eamio MuniCi\u00eancia\u201d na&hellip; <\/p>\n","protected":false},"author":2,"featured_media":52198,"comment_status":"closed","ping_status":"closed","sticky":false,"template":"","format":"standard","meta":{"sfsi_plus_gutenberg_text_before_share":"","sfsi_plus_gutenberg_show_text_before_share":"","sfsi_plus_gutenberg_icon_type":"","sfsi_plus_gutenberg_icon_alignemt":"","sfsi_plus_gutenburg_max_per_row":"","footnotes":""},"categories":[6],"tags":[],"class_list":["post-52197","post","type-post","status-publish","format-standard","has-post-thumbnail","hentry","category-cidades"],"_links":{"self":[{"href":"https:\/\/www.caririemacao.com\/1\/wp-json\/wp\/v2\/posts\/52197","targetHints":{"allow":["GET"]}}],"collection":[{"href":"https:\/\/www.caririemacao.com\/1\/wp-json\/wp\/v2\/posts"}],"about":[{"href":"https:\/\/www.caririemacao.com\/1\/wp-json\/wp\/v2\/types\/post"}],"author":[{"embeddable":true,"href":"https:\/\/www.caririemacao.com\/1\/wp-json\/wp\/v2\/users\/2"}],"replies":[{"embeddable":true,"href":"https:\/\/www.caririemacao.com\/1\/wp-json\/wp\/v2\/comments?post=52197"}],"version-history":[{"count":0,"href":"https:\/\/www.caririemacao.com\/1\/wp-json\/wp\/v2\/posts\/52197\/revisions"}],"wp:featuredmedia":[{"embeddable":true,"href":"https:\/\/www.caririemacao.com\/1\/wp-json\/wp\/v2\/media\/52198"}],"wp:attachment":[{"href":"https:\/\/www.caririemacao.com\/1\/wp-json\/wp\/v2\/media?parent=52197"}],"wp:term":[{"taxonomy":"category","embeddable":true,"href":"https:\/\/www.caririemacao.com\/1\/wp-json\/wp\/v2\/categories?post=52197"},{"taxonomy":"post_tag","embeddable":true,"href":"https:\/\/www.caririemacao.com\/1\/wp-json\/wp\/v2\/tags?post=52197"}],"curies":[{"name":"wp","href":"https:\/\/api.w.org\/{rel}","templated":true}]}}