{"id":52200,"date":"2018-05-25T09:13:08","date_gmt":"2018-05-25T12:13:08","guid":{"rendered":"http:\/\/caririemacao.com\/1\/?p=52200"},"modified":"2018-05-25T09:13:38","modified_gmt":"2018-05-25T12:13:38","slug":"em-brasilia-jefferson-roberto-consegue-aprovar-projeto-para-construcao-de-barragem-e-recurso-para-academia-da-saude-em-s-j-dos-cordeiros","status":"publish","type":"post","link":"https:\/\/www.caririemacao.com\/1\/2018\/05\/25\/em-brasilia-jefferson-roberto-consegue-aprovar-projeto-para-construcao-de-barragem-e-recurso-para-academia-da-saude-em-s-j-dos-cordeiros\/","title":{"rendered":"Em Bras\u00edlia, Jefferson Roberto consegue aprovar projeto para constru\u00e7\u00e3o de barragem e recurso para academia da sa\u00fade em S J dos Cordeiros"},"content":{"rendered":"<p>O prefeito de S\u00e3o Jos\u00e9 dos Cordeiros, Jefferson Roberto (PSB), est\u00e1 em Bras\u00edlia onde participa XXI Marcha dos Prefeitos. O gestor viajou acompanhado do secret\u00e1rio de finan\u00e7as, Fel\u00edcio Queiroz, e aproveitou a estadia pela Capital Federal para destravar obras e conquistar novos projetos para o munic\u00edpio.<\/p>\n<p>O prefeito Jefferson conseguiu de forma \u00e1gil destravar uma emenda do deputado federal Welington Roberto no valor de R$ 81 mil para a constru\u00e7\u00e3o de uma academia da sa\u00fade. O valor j\u00e1 foi liberado.<\/p>\n<p>Jefferson, entretanto, conquistou um importante projeto de seguran\u00e7a h\u00eddrica, que ser\u00e1 a constru\u00e7\u00e3o de uma barragem na zona rural de S\u00e3o Jos\u00e9 dos Cordeiros. O investimento para constru\u00e7\u00e3o do reservat\u00f3rio ser\u00e1 na ordem de 2,5 milh\u00f5es e \u00e9 fruto de uma emenda do deputado federal Welington Roberto.<\/p>\n<p>Para o prefeito Jefferson Roberto, a viagem est\u00e1 sendo bastante produtiva e mais uma vez o deputado Welington Roberto prova seu compromisso com S\u00e3o Jos\u00e9 dos Cordeiros. \u201cWelington \u00e9 um grande parceiro do munic\u00edpio e n\u00e3o obstante j\u00e1 ser o deputado que mais destinou verbas para o munic\u00edpio continua atendendo nossos pleitos e carreando recursos e obras para nossa popula\u00e7\u00e3o. O trabalho continua e em breve farei an\u00fancio de novas conquistas em nossa gest\u00e3o\u201d, pontuou.<\/p>\n<p><strong>CARIRI EM A\u00c7\u00c3O<\/strong><\/p>\n<p>Com Ascom\/Foto: Reprodu\u00e7\u00e3o\u00a0Instagram<\/p>\n<p>Leia mais not\u00edcias em\u00a0<a href=\"http:\/\/www.caririemacao.com\/\">caririemacao.com<\/a>, siga nossa p\u00e1gina no\u00a0<a href=\"https:\/\/www.facebook.com\/CaririEmAcao\/?ref=aymt_homepage_panel\">Facebook<\/a>,\u00a0<a href=\"https:\/\/www.instagram.com\/cariri_em_acao\/?hl=pt-br\">Instagram<\/a>\u00a0e <a href=\"https:\/\/www.youtube.com\/channel\/UCAptA0jQuYQy8vMhLt2m4qg\">Youtube<\/a>\u00a0e veja nossas mat\u00e9rias, v\u00eddeos e fotos. Voc\u00ea tamb\u00e9m pode enviar informa\u00e7\u00f5es \u00e0 Reda\u00e7\u00e3o do Portal Cariri em A\u00e7\u00e3o pelo WhatsApp (83) 9 9634.5791, (83) 9 9601-1162.<\/p>\n","protected":false},"excerpt":{"rendered":"<p>O prefeito de S\u00e3o Jos\u00e9 dos Cordeiros, Jefferson Roberto (PSB), est\u00e1 em Bras\u00edlia onde participa XXI Marcha dos Prefeitos. O gestor viajou acompanhado do secret\u00e1rio&hellip; <\/p>\n","protected":false},"author":2,"featured_media":52201,"comment_status":"closed","ping_status":"closed","sticky":false,"template":"","format":"standard","meta":{"sfsi_plus_gutenberg_text_before_share":"","sfsi_plus_gutenberg_show_text_before_share":"","sfsi_plus_gutenberg_icon_type":"","sfsi_plus_gutenberg_icon_alignemt":"","sfsi_plus_gutenburg_max_per_row":"","footnotes":""},"categories":[11],"tags":[],"class_list":["post-52200","post","type-post","status-publish","format-standard","has-post-thumbnail","hentry","category-politica"],"_links":{"self":[{"href":"https:\/\/www.caririemacao.com\/1\/wp-json\/wp\/v2\/posts\/52200","targetHints":{"allow":["GET"]}}],"collection":[{"href":"https:\/\/www.caririemacao.com\/1\/wp-json\/wp\/v2\/posts"}],"about":[{"href":"https:\/\/www.caririemacao.com\/1\/wp-json\/wp\/v2\/types\/post"}],"author":[{"embeddable":true,"href":"https:\/\/www.caririemacao.com\/1\/wp-json\/wp\/v2\/users\/2"}],"replies":[{"embeddable":true,"href":"https:\/\/www.caririemacao.com\/1\/wp-json\/wp\/v2\/comments?post=52200"}],"version-history":[{"count":0,"href":"https:\/\/www.caririemacao.com\/1\/wp-json\/wp\/v2\/posts\/52200\/revisions"}],"wp:featuredmedia":[{"embeddable":true,"href":"https:\/\/www.caririemacao.com\/1\/wp-json\/wp\/v2\/media\/52201"}],"wp:attachment":[{"href":"https:\/\/www.caririemacao.com\/1\/wp-json\/wp\/v2\/media?parent=52200"}],"wp:term":[{"taxonomy":"category","embeddable":true,"href":"https:\/\/www.caririemacao.com\/1\/wp-json\/wp\/v2\/categories?post=52200"},{"taxonomy":"post_tag","embeddable":true,"href":"https:\/\/www.caririemacao.com\/1\/wp-json\/wp\/v2\/tags?post=52200"}],"curies":[{"name":"wp","href":"https:\/\/api.w.org\/{rel}","templated":true}]}}