{"id":52203,"date":"2018-05-25T09:15:38","date_gmt":"2018-05-25T12:15:38","guid":{"rendered":"http:\/\/caririemacao.com\/1\/?p=52203"},"modified":"2018-05-25T09:15:38","modified_gmt":"2018-05-25T12:15:38","slug":"professores-do-cariri-sao-selecionados-para-o-programa-gira-mundo-israel","status":"publish","type":"post","link":"https:\/\/www.caririemacao.com\/1\/2018\/05\/25\/professores-do-cariri-sao-selecionados-para-o-programa-gira-mundo-israel\/","title":{"rendered":"Professores do Cariri s\u00e3o selecionados para o Programa Gira Mundo Israel"},"content":{"rendered":"<p>O\u00a0Governo do Estado, por meio da Secretaria de Estado da Educa\u00e7\u00e3o (SEE), anunciou, nesta quarta-feira (23), o resultado parcial dos selecionados para o Gira Mundo Israel, programa de capacita\u00e7\u00e3o que ser\u00e1 realizado em Israel para professores da Rede Estadual de Ensino da Para\u00edba, que atuam na regi\u00e3o do Semi\u00e1rido.<\/p>\n<p>Foram selecionados 20 professores da Para\u00edba que submeteram projetos inovadores nas \u00e1reas de Energias Renov\u00e1veis, Agricultura Sustent\u00e1vel, Manejo de \u00c1gua e Irriga\u00e7\u00e3o e Constru\u00e7\u00f5es Naturais. A programa\u00e7\u00e3o \u00e9 que os professores passem um m\u00eas no Kibbutz Lotan Green no sul do Estado de Israel.<\/p>\n<p>Da regi\u00e3o do Cariri foram selecionados os professores das cidades de Camala\u00fa, Congo, Serra Branca, S\u00e3o Jo\u00e3o do Cariri, Sum\u00e9 e Umbuzeiro. As demais cidades da Para\u00edba foram Boa Ventura, Cajazeiras, Campina Grande, Catol\u00e9 do Rocha, Cuit\u00e9, Ibiara, Nova Floresta, Patos, Picu\u00ed, Puxinan\u00e3 e S\u00e3o Jo\u00e3o do Rio do Peixe.<\/p>\n<p>As atividades em Israel ser\u00e3o desenvolvidas durante todo o m\u00eas de agosto de 2018. Em dezembro deste ano, os professores apresentar\u00e3o o Semin\u00e1rio Final das atividades desenvolvidas em Israel, em mais um ciclo bem sucedido de capacita\u00e7\u00e3o.<\/p>\n<p>O resultado est\u00e1 dispon\u00edvel\u00a0<strong><a href=\"http:\/\/fapesq.rpp.br\/editais-resultados\/edital-gira-mundo-israel-resultado-parcial\">no site da Fapesq<\/a>.<\/strong><\/p>\n<p><strong>CARIRI EM A\u00c7\u00c3O<\/strong><\/p>\n<p>Com Ascom \/Foto: Divulga\u00e7\u00e3o<\/p>\n<p>Leia mais not\u00edcias em\u00a0<a href=\"http:\/\/www.caririemacao.com\/\">caririemacao.com<\/a>, siga nossa p\u00e1gina no\u00a0<a href=\"https:\/\/www.facebook.com\/CaririEmAcao\/?ref=aymt_homepage_panel\">Facebook<\/a>,\u00a0<a href=\"https:\/\/www.instagram.com\/cariri_em_acao\/?hl=pt-br\">Instagram<\/a>\u00a0e <a href=\"https:\/\/www.youtube.com\/channel\/UCAptA0jQuYQy8vMhLt2m4qg\">Youtube<\/a>\u00a0e veja nossas mat\u00e9rias, v\u00eddeos e fotos. Voc\u00ea tamb\u00e9m pode enviar informa\u00e7\u00f5es \u00e0 Reda\u00e7\u00e3o do Portal Cariri em A\u00e7\u00e3o pelo WhatsApp (83) 9 9634.5791, (83) 9 9601-1162.<\/p>\n","protected":false},"excerpt":{"rendered":"<p>O\u00a0Governo do Estado, por meio da Secretaria de Estado da Educa\u00e7\u00e3o (SEE), anunciou, nesta quarta-feira (23), o resultado parcial dos selecionados para o Gira Mundo&hellip; <\/p>\n","protected":false},"author":2,"featured_media":52204,"comment_status":"closed","ping_status":"closed","sticky":false,"template":"","format":"standard","meta":{"sfsi_plus_gutenberg_text_before_share":"","sfsi_plus_gutenberg_show_text_before_share":"","sfsi_plus_gutenberg_icon_type":"","sfsi_plus_gutenberg_icon_alignemt":"","sfsi_plus_gutenburg_max_per_row":"","footnotes":""},"categories":[14],"tags":[],"class_list":["post-52203","post","type-post","status-publish","format-standard","has-post-thumbnail","hentry","category-educacao"],"_links":{"self":[{"href":"https:\/\/www.caririemacao.com\/1\/wp-json\/wp\/v2\/posts\/52203","targetHints":{"allow":["GET"]}}],"collection":[{"href":"https:\/\/www.caririemacao.com\/1\/wp-json\/wp\/v2\/posts"}],"about":[{"href":"https:\/\/www.caririemacao.com\/1\/wp-json\/wp\/v2\/types\/post"}],"author":[{"embeddable":true,"href":"https:\/\/www.caririemacao.com\/1\/wp-json\/wp\/v2\/users\/2"}],"replies":[{"embeddable":true,"href":"https:\/\/www.caririemacao.com\/1\/wp-json\/wp\/v2\/comments?post=52203"}],"version-history":[{"count":0,"href":"https:\/\/www.caririemacao.com\/1\/wp-json\/wp\/v2\/posts\/52203\/revisions"}],"wp:featuredmedia":[{"embeddable":true,"href":"https:\/\/www.caririemacao.com\/1\/wp-json\/wp\/v2\/media\/52204"}],"wp:attachment":[{"href":"https:\/\/www.caririemacao.com\/1\/wp-json\/wp\/v2\/media?parent=52203"}],"wp:term":[{"taxonomy":"category","embeddable":true,"href":"https:\/\/www.caririemacao.com\/1\/wp-json\/wp\/v2\/categories?post=52203"},{"taxonomy":"post_tag","embeddable":true,"href":"https:\/\/www.caririemacao.com\/1\/wp-json\/wp\/v2\/tags?post=52203"}],"curies":[{"name":"wp","href":"https:\/\/api.w.org\/{rel}","templated":true}]}}