{"id":52210,"date":"2018-05-25T12:39:00","date_gmt":"2018-05-25T15:39:00","guid":{"rendered":"http:\/\/caririemacao.com\/1\/?p=52210"},"modified":"2018-05-25T12:39:00","modified_gmt":"2018-05-25T15:39:00","slug":"prefeito-paraibano-fura-bloqueio-e-dispara-rebanho-de-cachaceiros","status":"publish","type":"post","link":"https:\/\/www.caririemacao.com\/1\/2018\/05\/25\/prefeito-paraibano-fura-bloqueio-e-dispara-rebanho-de-cachaceiros\/","title":{"rendered":"Prefeito paraibano fura bloqueio e dispara: \u201crebanho de cachaceiros\u201d"},"content":{"rendered":"<p>Um v\u00eddeo que circula nas redes sociais desde do final da tarde desta quinta-feira (24), mostra o prefeito de Caturit\u00e9, Z\u00e9 Jo\u00e3o (PSD), retirando os pneus que estavam fechando a PB -148, entre Caturit\u00e9 e Queimadas.<\/p>\n<p>O protesto teve in\u00edcio nas primeiras horas da manh\u00e3 desta quinta-feira e acompanha as manifesta\u00e7\u00f5es que est\u00e3o sendo realizadas pelo Brasil, desde do \u00faltimo domingo.<\/p>\n<p>Em contato com Z\u00e9 Jo\u00e3o, ele foi direto e classificou a manifesta\u00e7\u00e3o de baderna.\u201dO protesto \u00e9 dos caminhoneiros. Em Caturit\u00e9 est\u00e3o tomando cacha\u00e7a e tirando os outros a terreiro\u201d, expressou.<\/p>\n<p>O prefeito afirmou que se amanh\u00e3 for necess\u00e1rio passar pelo local, faz tudo novamente.<\/p>\n<p><strong>CARIRI EM A\u00c7\u00c3O<\/strong><\/p>\n<p>Com Bruno Lira\/Foto: Reprodu\u00e7\u00e3o Internet<\/p>\n<p>Leia mais not\u00edcias em\u00a0<a href=\"http:\/\/www.caririemacao.com\/\">caririemacao.com<\/a>, siga nossa p\u00e1gina no\u00a0<a href=\"https:\/\/www.facebook.com\/CaririEmAcao\/?ref=aymt_homepage_panel\">Facebook<\/a>,\u00a0<a href=\"https:\/\/www.instagram.com\/cariri_em_acao\/?hl=pt-br\">Instagram<\/a>\u00a0e <a href=\"https:\/\/www.youtube.com\/channel\/UCAptA0jQuYQy8vMhLt2m4qg\">Youtube<\/a>\u00a0e veja nossas mat\u00e9rias, v\u00eddeos e fotos. Voc\u00ea tamb\u00e9m pode enviar informa\u00e7\u00f5es \u00e0 Reda\u00e7\u00e3o do Portal Cariri em A\u00e7\u00e3o pelo WhatsApp (83) 9 9634.5791, (83) 9 9601-1162.<\/p>\n","protected":false},"excerpt":{"rendered":"<p>Um v\u00eddeo que circula nas redes sociais desde do final da tarde desta quinta-feira (24), mostra o prefeito de Caturit\u00e9, Z\u00e9 Jo\u00e3o (PSD), retirando os&hellip; <\/p>\n","protected":false},"author":2,"featured_media":52211,"comment_status":"closed","ping_status":"closed","sticky":false,"template":"","format":"standard","meta":{"sfsi_plus_gutenberg_text_before_share":"","sfsi_plus_gutenberg_show_text_before_share":"","sfsi_plus_gutenberg_icon_type":"","sfsi_plus_gutenberg_icon_alignemt":"","sfsi_plus_gutenburg_max_per_row":"","footnotes":""},"categories":[11],"tags":[],"class_list":["post-52210","post","type-post","status-publish","format-standard","has-post-thumbnail","hentry","category-politica"],"_links":{"self":[{"href":"https:\/\/www.caririemacao.com\/1\/wp-json\/wp\/v2\/posts\/52210","targetHints":{"allow":["GET"]}}],"collection":[{"href":"https:\/\/www.caririemacao.com\/1\/wp-json\/wp\/v2\/posts"}],"about":[{"href":"https:\/\/www.caririemacao.com\/1\/wp-json\/wp\/v2\/types\/post"}],"author":[{"embeddable":true,"href":"https:\/\/www.caririemacao.com\/1\/wp-json\/wp\/v2\/users\/2"}],"replies":[{"embeddable":true,"href":"https:\/\/www.caririemacao.com\/1\/wp-json\/wp\/v2\/comments?post=52210"}],"version-history":[{"count":0,"href":"https:\/\/www.caririemacao.com\/1\/wp-json\/wp\/v2\/posts\/52210\/revisions"}],"wp:featuredmedia":[{"embeddable":true,"href":"https:\/\/www.caririemacao.com\/1\/wp-json\/wp\/v2\/media\/52211"}],"wp:attachment":[{"href":"https:\/\/www.caririemacao.com\/1\/wp-json\/wp\/v2\/media?parent=52210"}],"wp:term":[{"taxonomy":"category","embeddable":true,"href":"https:\/\/www.caririemacao.com\/1\/wp-json\/wp\/v2\/categories?post=52210"},{"taxonomy":"post_tag","embeddable":true,"href":"https:\/\/www.caririemacao.com\/1\/wp-json\/wp\/v2\/tags?post=52210"}],"curies":[{"name":"wp","href":"https:\/\/api.w.org\/{rel}","templated":true}]}}