{"id":52216,"date":"2018-05-25T13:04:59","date_gmt":"2018-05-25T16:04:59","guid":{"rendered":"http:\/\/caririemacao.com\/1\/?p=52216"},"modified":"2018-05-25T13:04:59","modified_gmt":"2018-05-25T16:04:59","slug":"prefeitura-de-amparo-emite-nota-de-esclarecimento-em-virtude-da-greve-dos-caminhoneiros","status":"publish","type":"post","link":"https:\/\/www.caririemacao.com\/1\/2018\/05\/25\/prefeitura-de-amparo-emite-nota-de-esclarecimento-em-virtude-da-greve-dos-caminhoneiros\/","title":{"rendered":"Prefeitura de Amparo emite Nota de Esclarecimento em virtude da greve dos Caminhoneiros"},"content":{"rendered":"<div>Em reuni\u00e3o de equipe, realizada na manh\u00e3 desta quinta-feira, dia 24, no Audit\u00f3rio da Secretaria Municipal de Sa\u00fade, a Prefeitura de Amparo, comunica que ap\u00f3s ouvir secret\u00e1rios municipais, diretores, coordenadores, assessores, para avalia\u00e7\u00e3o e tomada de decis\u00f5es a respeito dos transtornos causados pela greve dos caminhoneiros.<\/div>\n<div><\/div>\n<div>Fica definido que o uso da frota de autom\u00f3veis da administra\u00e7\u00e3o p\u00fablica est\u00e1 limitado \u00e0 estrita necessidade, sendo considerados servi\u00e7os de transfer\u00eancias de pacientes em caso de URG\u00caNCIA e EMERG\u00caNCIA, \u00a0na sa\u00fade como prioridades neste momento.<\/div>\n<div><\/div>\n<div>\u201cA situa\u00e7\u00e3o nos preocupa e est\u00e1 sendo monitorada desde a tarde de ontem. Entendemos a paralisa\u00e7\u00e3o dos caminhoneiros e, como gest\u00e3o p\u00fablica, estamos trabalhando para manter os servi\u00e7os b\u00e1sicos e tamb\u00e9m emergenciais \u00e0 comunidade. Ve\u00edculos oficiais s\u00f3 t\u00eam autoriza\u00e7\u00e3o para sair das garagens da Prefeitura para atendimentos de urg\u00eancia \u00e0 comunidade.<\/div>\n<div><\/div>\n<div>A Gest\u00e3o Inovando para Crescer, pede aos amparenses, que compreendam a situa\u00e7\u00e3o \u00e0 qual n\u00e3o s\u00f3 Amparo, mas o BRASIL est\u00e1 vivendo, mas que vai tentar garantir servi\u00e7os p\u00fablicos, indispens\u00e1veis ao bem comum.<\/div>\n<div><strong>\u00a0<\/strong><\/div>\n<div><strong>Como ficam os servi\u00e7os p\u00fablicos:<\/strong><\/div>\n<div><strong>\u00a0<\/strong><\/div>\n<div><strong>Educa\u00e7\u00e3o<\/strong><\/div>\n<div><\/div>\n<div>Aulas normais na rede municipal de ensino at\u00e9 que a frota de transporte escolar tenha abastecimento para atender a demanda de educa\u00e7\u00e3o b\u00e1sica, e neste caso os cursistas de cursos t\u00e9cnicos e universit\u00e1rio, ficar\u00e3o sem o translado, j\u00e1 que estas institui\u00e7\u00f5es declararam suspens\u00e3o de seus servi\u00e7os.<\/div>\n<div><strong>\u00a0<\/strong><\/div>\n<div><strong>Desenvolvimento Social<\/strong><\/div>\n<div><\/div>\n<div>Atender\u00e1 chamado de emerg\u00eancia relacionados \u00e0 vulnerabilidade social, mantendo os seus servi\u00e7os, dentro de sua programa\u00e7\u00e3o semanal.<\/div>\n<div><strong>\u00a0<\/strong><\/div>\n<div><strong>Secretaria de obras<\/strong><\/div>\n<div><\/div>\n<div>Devido \u00e0 escassez de combust\u00edvel, a coleta de lixo ocorre de forma reduzida e pede a popula\u00e7\u00e3o que tenha uma aten\u00e7\u00e3o ao hor\u00e1rio da coleta para colocarem seus res\u00edduos nos locais de coleta.<\/div>\n<div><\/div>\n<div>Trabalhos de manuten\u00e7\u00e3o ser\u00e3o feitos de forma parcial, o que est\u00e1 em andamento continuam normalmente at\u00e9 que as empresas consigam manter os servi\u00e7os.<\/div>\n<div><\/div>\n<div>A recupera\u00e7\u00e3o das estradas e ou servi\u00e7os com uso de m\u00e1quinas pesadas, ter\u00e3o suas fun\u00e7\u00f5es totalmente paradas, sendo retomadas logo que a situa\u00e7\u00e3o seja regularizada.<\/div>\n<div><strong>\u00a0<\/strong><\/div>\n<div><strong>Sa\u00fade<\/strong><\/div>\n<div><\/div>\n<div>A determina\u00e7\u00e3o \u00e9 que apenas a AMBUL\u00c2NCIA possa circular para atender exclusivamente situa\u00e7\u00f5es de emerg\u00eancia. Entre os servi\u00e7os que ter\u00e3o prioridade neste momento.<\/div>\n<div><strong>\u00a0<\/strong><\/div>\n<div><strong>Outros servi\u00e7os<\/strong><\/div>\n<div><\/div>\n<div>Ser\u00e3o avaliados, de acordo com as demandas apresentadas e a necessidade, sendo atendidos mediante condi\u00e7\u00f5es.<\/div>\n<div align=\"right\"><em>Gabinete do Prefeito<\/em><\/div>\n<div align=\"right\">\n<p style=\"text-align: left;\"><strong>CARIRI EM A\u00c7\u00c3O<\/strong><\/p>\n<p style=\"text-align: left;\">Com Amparo Ligado \/Foto: Reprodu\u00e7\u00e3o Internet<\/p>\n<p style=\"text-align: left;\">Leia mais not\u00edcias em\u00a0<a href=\"http:\/\/www.caririemacao.com\/\">caririemacao.com<\/a>, siga nossa p\u00e1gina no\u00a0<a href=\"https:\/\/www.facebook.com\/CaririEmAcao\/?ref=aymt_homepage_panel\">Facebook<\/a>,\u00a0<a href=\"https:\/\/www.instagram.com\/cariri_em_acao\/?hl=pt-br\">Instagram<\/a>\u00a0e <a href=\"https:\/\/www.youtube.com\/channel\/UCAptA0jQuYQy8vMhLt2m4qg\">Youtube<\/a>\u00a0e veja nossas mat\u00e9rias, v\u00eddeos e fotos. Voc\u00ea tamb\u00e9m pode enviar informa\u00e7\u00f5es \u00e0 Reda\u00e7\u00e3o do Portal Cariri em A\u00e7\u00e3o pelo WhatsApp (83) 9 9634.5791, (83) 9 9601-1162.<\/p>\n<\/div>\n","protected":false},"excerpt":{"rendered":"<p>Em reuni\u00e3o de equipe, realizada na manh\u00e3 desta quinta-feira, dia 24, no Audit\u00f3rio da Secretaria Municipal de Sa\u00fade, a Prefeitura de Amparo, comunica que ap\u00f3s&hellip; <\/p>\n","protected":false},"author":2,"featured_media":44147,"comment_status":"closed","ping_status":"closed","sticky":false,"template":"","format":"standard","meta":{"sfsi_plus_gutenberg_text_before_share":"","sfsi_plus_gutenberg_show_text_before_share":"","sfsi_plus_gutenberg_icon_type":"","sfsi_plus_gutenberg_icon_alignemt":"","sfsi_plus_gutenburg_max_per_row":"","footnotes":""},"categories":[2],"tags":[],"class_list":["post-52216","post","type-post","status-publish","format-standard","has-post-thumbnail","hentry","category-geral"],"_links":{"self":[{"href":"https:\/\/www.caririemacao.com\/1\/wp-json\/wp\/v2\/posts\/52216","targetHints":{"allow":["GET"]}}],"collection":[{"href":"https:\/\/www.caririemacao.com\/1\/wp-json\/wp\/v2\/posts"}],"about":[{"href":"https:\/\/www.caririemacao.com\/1\/wp-json\/wp\/v2\/types\/post"}],"author":[{"embeddable":true,"href":"https:\/\/www.caririemacao.com\/1\/wp-json\/wp\/v2\/users\/2"}],"replies":[{"embeddable":true,"href":"https:\/\/www.caririemacao.com\/1\/wp-json\/wp\/v2\/comments?post=52216"}],"version-history":[{"count":0,"href":"https:\/\/www.caririemacao.com\/1\/wp-json\/wp\/v2\/posts\/52216\/revisions"}],"wp:featuredmedia":[{"embeddable":true,"href":"https:\/\/www.caririemacao.com\/1\/wp-json\/wp\/v2\/media\/44147"}],"wp:attachment":[{"href":"https:\/\/www.caririemacao.com\/1\/wp-json\/wp\/v2\/media?parent=52216"}],"wp:term":[{"taxonomy":"category","embeddable":true,"href":"https:\/\/www.caririemacao.com\/1\/wp-json\/wp\/v2\/categories?post=52216"},{"taxonomy":"post_tag","embeddable":true,"href":"https:\/\/www.caririemacao.com\/1\/wp-json\/wp\/v2\/tags?post=52216"}],"curies":[{"name":"wp","href":"https:\/\/api.w.org\/{rel}","templated":true}]}}