{"id":52218,"date":"2018-05-25T13:10:17","date_gmt":"2018-05-25T16:10:17","guid":{"rendered":"http:\/\/caririemacao.com\/1\/?p=52218"},"modified":"2018-05-25T23:23:03","modified_gmt":"2018-05-26T02:23:03","slug":"secretaria-de-agricultura-de-amparo-iniciou-patrolamento-das-estradas-vicinais","status":"publish","type":"post","link":"https:\/\/www.caririemacao.com\/1\/2018\/05\/25\/secretaria-de-agricultura-de-amparo-iniciou-patrolamento-das-estradas-vicinais\/","title":{"rendered":"Secretaria de Agricultura de Amparo iniciou Patrolamento das Estradas Vicinais"},"content":{"rendered":"<p style=\"font-weight: 400;\">Atendendo a solicita\u00e7\u00e3o de moradores da zona rural, o Prefeito In\u00e1cio N\u00f3brega autorizou antes mesmo de sua ida a Bras\u00edlia, o in\u00edcio dos servi\u00e7os de patrolamento e encascalhamento das estradas vicinais que d\u00e3o acesso \u00e0 sede do munic\u00edpio.<\/p>\n<p style=\"font-weight: 400;\">Segundo o coordenador de m\u00e1quinas do PAC Severino do Ramo, a secretaria de agricultura e abastecimento det\u00e9m um cronograma de atendimento para atender em tempo h\u00e1bil a demanda existente.<\/p>\n<p><a href=\"http:\/\/caririemacao.com\/1\/wp-content\/uploads\/2018\/05\/01-horz.jpg\"><img fetchpriority=\"high\" decoding=\"async\" class=\"size-full wp-image-52219 aligncenter\" src=\"http:\/\/caririemacao.com\/1\/wp-content\/uploads\/2018\/05\/01-horz.jpg\" alt=\"\" width=\"640\" height=\"214\" srcset=\"https:\/\/www.caririemacao.com\/1\/wp-content\/uploads\/2018\/05\/01-horz.jpg 640w, https:\/\/www.caririemacao.com\/1\/wp-content\/uploads\/2018\/05\/01-horz-300x100.jpg 300w\" sizes=\"(max-width: 640px) 100vw, 640px\" \/><\/a><\/p>\n<p style=\"font-weight: 400;\">Pelo cronograma, as primeiras comunidades rurais atendidas foram as comunidades de olho d\u2019\u00e1gua dos caboclos e ros\u00e1rio, que devido o grande volume de chuvas recebidas nos \u00faltimos dois meses, as estradas estavam em estado cr\u00edtico. Severino do Ramo ratifica o empenho da gest\u00e3o do prefeito In\u00e1cio N\u00f3brega em ofertar \u00e0s comunidades rurais, estradas de boa trafegabilidade e para isso, o empenho de toda equipe do departamento de m\u00e1quinas da secretaria de agricultura, tem sido o ponto forte para que o servi\u00e7o contemple os produtores rurais no que diz respeito ao escoamento de sua produ\u00e7\u00e3o, em especial o leite, o principal produto econ\u00f4mico do munic\u00edpio.<\/p>\n<p><strong>CARIRI EM A\u00c7\u00c3O<\/strong><\/p>\n<p>Com <em>Ascom<\/em> \/Foto: Reprodu\u00e7\u00e3o Internet<\/p>\n<p>Leia mais not\u00edcias em\u00a0<a href=\"http:\/\/www.caririemacao.com\/\">caririemacao.com<\/a>, siga nossa p\u00e1gina no\u00a0<a href=\"https:\/\/www.facebook.com\/CaririEmAcao\/?ref=aymt_homepage_panel\">Facebook<\/a>,\u00a0<a href=\"https:\/\/www.instagram.com\/cariri_em_acao\/?hl=pt-br\">Instagram<\/a>\u00a0e <a href=\"https:\/\/www.youtube.com\/channel\/UCAptA0jQuYQy8vMhLt2m4qg\">Youtube<\/a>\u00a0e veja nossas mat\u00e9rias, v\u00eddeos e fotos. Voc\u00ea tamb\u00e9m pode enviar informa\u00e7\u00f5es \u00e0 Reda\u00e7\u00e3o do Portal Cariri em A\u00e7\u00e3o pelo WhatsApp (83) 9 9634.5791, (83) 9 9601-1162.<\/p>\n","protected":false},"excerpt":{"rendered":"<p>Atendendo a solicita\u00e7\u00e3o de moradores da zona rural, o Prefeito In\u00e1cio N\u00f3brega autorizou antes mesmo de sua ida a Bras\u00edlia, o in\u00edcio dos servi\u00e7os de&hellip; <\/p>\n","protected":false},"author":2,"featured_media":52311,"comment_status":"closed","ping_status":"closed","sticky":false,"template":"","format":"standard","meta":{"sfsi_plus_gutenberg_text_before_share":"","sfsi_plus_gutenberg_show_text_before_share":"","sfsi_plus_gutenberg_icon_type":"","sfsi_plus_gutenberg_icon_alignemt":"","sfsi_plus_gutenburg_max_per_row":"","footnotes":""},"categories":[6],"tags":[],"class_list":["post-52218","post","type-post","status-publish","format-standard","has-post-thumbnail","hentry","category-cidades"],"_links":{"self":[{"href":"https:\/\/www.caririemacao.com\/1\/wp-json\/wp\/v2\/posts\/52218","targetHints":{"allow":["GET"]}}],"collection":[{"href":"https:\/\/www.caririemacao.com\/1\/wp-json\/wp\/v2\/posts"}],"about":[{"href":"https:\/\/www.caririemacao.com\/1\/wp-json\/wp\/v2\/types\/post"}],"author":[{"embeddable":true,"href":"https:\/\/www.caririemacao.com\/1\/wp-json\/wp\/v2\/users\/2"}],"replies":[{"embeddable":true,"href":"https:\/\/www.caririemacao.com\/1\/wp-json\/wp\/v2\/comments?post=52218"}],"version-history":[{"count":0,"href":"https:\/\/www.caririemacao.com\/1\/wp-json\/wp\/v2\/posts\/52218\/revisions"}],"wp:featuredmedia":[{"embeddable":true,"href":"https:\/\/www.caririemacao.com\/1\/wp-json\/wp\/v2\/media\/52311"}],"wp:attachment":[{"href":"https:\/\/www.caririemacao.com\/1\/wp-json\/wp\/v2\/media?parent=52218"}],"wp:term":[{"taxonomy":"category","embeddable":true,"href":"https:\/\/www.caririemacao.com\/1\/wp-json\/wp\/v2\/categories?post=52218"},{"taxonomy":"post_tag","embeddable":true,"href":"https:\/\/www.caririemacao.com\/1\/wp-json\/wp\/v2\/tags?post=52218"}],"curies":[{"name":"wp","href":"https:\/\/api.w.org\/{rel}","templated":true}]}}