{"id":52221,"date":"2018-05-25T13:34:43","date_gmt":"2018-05-25T16:34:43","guid":{"rendered":"http:\/\/caririemacao.com\/1\/?p=52221"},"modified":"2018-05-25T13:34:43","modified_gmt":"2018-05-25T16:34:43","slug":"maduro-toma-posse-como-presidente","status":"publish","type":"post","link":"https:\/\/www.caririemacao.com\/1\/2018\/05\/25\/maduro-toma-posse-como-presidente\/","title":{"rendered":"Maduro toma posse como presidente"},"content":{"rendered":"<p>Diante da Assembleia Nacional Constituinte, em cerim\u00f4nia antecipada, presidente venezuelano promete promover uni\u00e3o e libertar presos pol\u00edticos que n\u00e3o cometeram delitos graves.<\/p>\n<p>O presidente reeleito da Venezuela, Nicol\u00e1s Maduro, tomou posse nesta quinta-feira (24\/05) para seu novo mandato at\u00e9 2025 numa cerim\u00f4nia realizada na Assembleia Nacional Constituinte. O evento foi antecipado e deveria ocorrer em janeiro.<\/p>\n<p>Na cerim\u00f4nia, a presidente da Assembleia Nacional Constituinte, Delcy Rodr\u00edguez, perguntou a Maduro, se ele jurava cumprir as leis da Rep\u00fablica, ser ao mandato do povo e fortalecer o car\u00e1ter anti-imperialista, antiolig\u00e1rquico e socialista da revolu\u00e7\u00e3o bolivariana. &#8220;Juro&#8221;, respondeu o presidente reeleito.<\/p>\n<p>Tamb\u00e9m l\u00edder do Partido Socialista Unido da Venezuela (PSUV), Maduro jurou &#8220;promover a uni\u00e3o nacional&#8221;, a reconcilia\u00e7\u00e3o do povo e ser leal ao legado de S\u00edmon Bol\u00edvar e de Hugo Ch\u00e1vez. Ele anunciou ainda que libertar\u00e1 presos pol\u00edticos que n\u00e3o tenham cometido delitos graves para a pacifica\u00e7\u00e3o entre os venezuelanos.<\/p>\n<p>Maduro entregou formalmente \u00e0 Assembleia Constituinte uma proposta para &#8220;superar as feridas&#8221; das manifesta\u00e7\u00f5es de 2014, 2015, 2016 e 2017, que dever\u00e1 ser analisada pela Comiss\u00e3o da Verdade, Justi\u00e7a e Paz.<\/p>\n<p>A liberta\u00e7\u00e3o dos presos pol\u00edticos \u00e9, segundo a imprensa oficial, a primeira linha de a\u00e7\u00e3o do novo mandato do chefe de Estado. Segundo a ONG Foro Penal Venezuelano (FPV), existem atualmente 338 presos pol\u00edticos no pa\u00eds.<\/p>\n<p>Pouco antes, a Assembleia Constituinte aprovou um decreto no qual o presidente dever\u00e1, apesar do ato desta quinta-feira, tomar posse do cargo no dia 10 de janeiro de 2019.<\/p>\n<p>Ap\u00f3s tomar posse, o presidente se dirigiu ao pa\u00eds para chamar todos a fazer &#8220;tudo de novo&#8221; e pediu aos ministros, prefeitos e governadores para &#8220;melhorar a qualidade&#8221; de seus trabalhos. Maduro afirmou que seu governo foi marcado pela persegui\u00e7\u00e3o imperialista e indicou que n\u00e3o pode haver desculpas no novo mandato para resolver os problemas da popula\u00e7\u00e3o.<\/p>\n<p>&#8220;N\u00e3o estamos fazendo o suficiente, nem estamos fazendo bem. H\u00e1 coisas boas que fizemos, mas n\u00e3o quer dizer que estamos fazendo bem nem que seja suficiente. Precisamos de uma transforma\u00e7\u00e3o da lideran\u00e7a da revolu\u00e7\u00e3o&#8221;, disse Maduro no discurso.<\/p>\n<p>Maduro recebeu 6.224.040 votos nas elei\u00e7\u00f5es do \u00faltimo domingo, que teve apenas 46,02% de participa\u00e7\u00e3o, a menor da hist\u00f3ria do pa\u00eds.<\/p>\n<p>A Mesa da Unidade Democr\u00e1tica (MUD), principal coaliz\u00e3o de oposi\u00e7\u00e3o ao chavismo, n\u00e3o participou das \u00faltimas elei\u00e7\u00f5es por considerar que as condi\u00e7\u00f5es de disputa n\u00e3o eram justas e transparentes, considerando o pleito como uma fraude.<\/p>\n<p>A postura foi apoiada por grande parte da comunidade internacional, incluindo os Estados Unidos e o chamado Grupo de Lima, que re\u00fane pa\u00edses da regi\u00e3o, entre eles o Brasil. Ao menos 14 pa\u00edses sul-americanos, a Uni\u00e3o Europeia e os EUA n\u00e3o reconheceram a elei\u00e7\u00e3o na Venezuela.<\/p>\n<p><strong>CARIRI EM A\u00c7\u00c3O<\/strong><\/p>\n<p>Com dw.com\/Foto: Reprodu\u00e7\u00e3o Internet<\/p>\n<p>Leia mais not\u00edcias em\u00a0<a href=\"http:\/\/www.caririemacao.com\/\">caririemacao.com<\/a>, siga nossa p\u00e1gina no\u00a0<a href=\"https:\/\/www.facebook.com\/CaririEmAcao\/?ref=aymt_homepage_panel\">Facebook<\/a>,\u00a0<a href=\"https:\/\/www.instagram.com\/cariri_em_acao\/?hl=pt-br\">Instagram<\/a>\u00a0e <a href=\"https:\/\/www.youtube.com\/channel\/UCAptA0jQuYQy8vMhLt2m4qg\">Youtube<\/a>\u00a0e veja nossas mat\u00e9rias, v\u00eddeos e fotos. Voc\u00ea tamb\u00e9m pode enviar informa\u00e7\u00f5es \u00e0 Reda\u00e7\u00e3o do Portal Cariri em A\u00e7\u00e3o pelo WhatsApp (83) 9 9634.5791, (83) 9 9601-1162.<\/p>\n","protected":false},"excerpt":{"rendered":"<p>Diante da Assembleia Nacional Constituinte, em cerim\u00f4nia antecipada, presidente venezuelano promete promover uni\u00e3o e libertar presos pol\u00edticos que n\u00e3o cometeram delitos graves. O presidente reeleito&hellip; <\/p>\n","protected":false},"author":2,"featured_media":52224,"comment_status":"closed","ping_status":"closed","sticky":false,"template":"","format":"standard","meta":{"sfsi_plus_gutenberg_text_before_share":"","sfsi_plus_gutenberg_show_text_before_share":"","sfsi_plus_gutenberg_icon_type":"","sfsi_plus_gutenberg_icon_alignemt":"","sfsi_plus_gutenburg_max_per_row":"","footnotes":""},"categories":[11],"tags":[],"class_list":["post-52221","post","type-post","status-publish","format-standard","has-post-thumbnail","hentry","category-politica"],"_links":{"self":[{"href":"https:\/\/www.caririemacao.com\/1\/wp-json\/wp\/v2\/posts\/52221","targetHints":{"allow":["GET"]}}],"collection":[{"href":"https:\/\/www.caririemacao.com\/1\/wp-json\/wp\/v2\/posts"}],"about":[{"href":"https:\/\/www.caririemacao.com\/1\/wp-json\/wp\/v2\/types\/post"}],"author":[{"embeddable":true,"href":"https:\/\/www.caririemacao.com\/1\/wp-json\/wp\/v2\/users\/2"}],"replies":[{"embeddable":true,"href":"https:\/\/www.caririemacao.com\/1\/wp-json\/wp\/v2\/comments?post=52221"}],"version-history":[{"count":0,"href":"https:\/\/www.caririemacao.com\/1\/wp-json\/wp\/v2\/posts\/52221\/revisions"}],"wp:featuredmedia":[{"embeddable":true,"href":"https:\/\/www.caririemacao.com\/1\/wp-json\/wp\/v2\/media\/52224"}],"wp:attachment":[{"href":"https:\/\/www.caririemacao.com\/1\/wp-json\/wp\/v2\/media?parent=52221"}],"wp:term":[{"taxonomy":"category","embeddable":true,"href":"https:\/\/www.caririemacao.com\/1\/wp-json\/wp\/v2\/categories?post=52221"},{"taxonomy":"post_tag","embeddable":true,"href":"https:\/\/www.caririemacao.com\/1\/wp-json\/wp\/v2\/tags?post=52221"}],"curies":[{"name":"wp","href":"https:\/\/api.w.org\/{rel}","templated":true}]}}