{"id":52223,"date":"2018-05-25T13:38:46","date_gmt":"2018-05-25T16:38:46","guid":{"rendered":"http:\/\/caririemacao.com\/1\/?p=52223"},"modified":"2018-05-25T13:38:46","modified_gmt":"2018-05-25T16:38:46","slug":"temer-anuncia-forcas-federais-para-desbloquear-estradas-fechadas","status":"publish","type":"post","link":"https:\/\/www.caririemacao.com\/1\/2018\/05\/25\/temer-anuncia-forcas-federais-para-desbloquear-estradas-fechadas\/","title":{"rendered":"Temer anuncia for\u00e7as federais para desbloquear estradas fechadas"},"content":{"rendered":"<p>O presidente Michel Temer\u00a0fez pronunciamento nesta sexta-feira (25)\u00a0anunciando o uso de for\u00e7as federais para liberar estradas contra a greve dos caminhoneiros.<\/p>\n<p>Ele disse que o governo fez acordo para acabar com a paralisa\u00e7\u00e3o, citou os principais pontos, disse que a maioria dos motoristas quer voltar \u00e0 normalidade, mas uma &#8220;minoria radical&#8221; n\u00e3o permite.<\/p>\n<p>&#8220;Vamos implantar de imediato um plano de seguran\u00e7a para superar os graves efeitos da paralisa\u00e7\u00e3o.\u00a0 Acionei\u00a0for\u00e7as federais de seguran\u00e7a para desbloquear as estradas e estou solicitando aos senhores governadores que fa\u00e7am o mesmo. N\u00e3o vamos permitir que sociedade fique sem g\u00eaneros de primeira necessidade, que hospitais fiquem sem insumos para salvar vidas, que crian\u00e7as sejam prejudicadas pelo fechamento de escolas.&#8221;<\/p>\n<p>O presidente afirmou tamb\u00e9m que &#8220;quem bloqueia estradas e age de maneira radical est\u00e1 prejudicando a popula\u00e7\u00e3o, Vamos garantir a livre circula\u00e7\u00e3o e o abastecimento&#8221;.<\/p>\n<p><strong>CARIRI EM A\u00c7\u00c3O<\/strong><\/p>\n<p>Com Uol\/Foto: Reprodu\u00e7\u00e3o Internet<\/p>\n<p>Leia mais not\u00edcias em\u00a0<a href=\"http:\/\/www.caririemacao.com\/\">caririemacao.com<\/a>, siga nossa p\u00e1gina no\u00a0<a href=\"https:\/\/www.facebook.com\/CaririEmAcao\/?ref=aymt_homepage_panel\">Facebook<\/a>,\u00a0<a href=\"https:\/\/www.instagram.com\/cariri_em_acao\/?hl=pt-br\">Instagram<\/a>\u00a0e <a href=\"https:\/\/www.youtube.com\/channel\/UCAptA0jQuYQy8vMhLt2m4qg\">Youtube<\/a>\u00a0e veja nossas mat\u00e9rias, v\u00eddeos e fotos. Voc\u00ea tamb\u00e9m pode enviar informa\u00e7\u00f5es \u00e0 Reda\u00e7\u00e3o do Portal Cariri em A\u00e7\u00e3o pelo WhatsApp (83) 9 9634.5791, (83) 9 9601-1162.<\/p>\n","protected":false},"excerpt":{"rendered":"<p>O presidente Michel Temer\u00a0fez pronunciamento nesta sexta-feira (25)\u00a0anunciando o uso de for\u00e7as federais para liberar estradas contra a greve dos caminhoneiros. Ele disse que o&hellip; <\/p>\n","protected":false},"author":2,"featured_media":40463,"comment_status":"closed","ping_status":"closed","sticky":false,"template":"","format":"standard","meta":{"sfsi_plus_gutenberg_text_before_share":"","sfsi_plus_gutenberg_show_text_before_share":"","sfsi_plus_gutenberg_icon_type":"","sfsi_plus_gutenberg_icon_alignemt":"","sfsi_plus_gutenburg_max_per_row":"","footnotes":""},"categories":[2],"tags":[],"class_list":["post-52223","post","type-post","status-publish","format-standard","has-post-thumbnail","hentry","category-geral"],"_links":{"self":[{"href":"https:\/\/www.caririemacao.com\/1\/wp-json\/wp\/v2\/posts\/52223","targetHints":{"allow":["GET"]}}],"collection":[{"href":"https:\/\/www.caririemacao.com\/1\/wp-json\/wp\/v2\/posts"}],"about":[{"href":"https:\/\/www.caririemacao.com\/1\/wp-json\/wp\/v2\/types\/post"}],"author":[{"embeddable":true,"href":"https:\/\/www.caririemacao.com\/1\/wp-json\/wp\/v2\/users\/2"}],"replies":[{"embeddable":true,"href":"https:\/\/www.caririemacao.com\/1\/wp-json\/wp\/v2\/comments?post=52223"}],"version-history":[{"count":0,"href":"https:\/\/www.caririemacao.com\/1\/wp-json\/wp\/v2\/posts\/52223\/revisions"}],"wp:featuredmedia":[{"embeddable":true,"href":"https:\/\/www.caririemacao.com\/1\/wp-json\/wp\/v2\/media\/40463"}],"wp:attachment":[{"href":"https:\/\/www.caririemacao.com\/1\/wp-json\/wp\/v2\/media?parent=52223"}],"wp:term":[{"taxonomy":"category","embeddable":true,"href":"https:\/\/www.caririemacao.com\/1\/wp-json\/wp\/v2\/categories?post=52223"},{"taxonomy":"post_tag","embeddable":true,"href":"https:\/\/www.caririemacao.com\/1\/wp-json\/wp\/v2\/tags?post=52223"}],"curies":[{"name":"wp","href":"https:\/\/api.w.org\/{rel}","templated":true}]}}