{"id":52256,"date":"2018-05-25T22:02:41","date_gmt":"2018-05-26T01:02:41","guid":{"rendered":"http:\/\/caririemacao.com\/1\/?p=52256"},"modified":"2018-05-25T22:02:41","modified_gmt":"2018-05-26T01:02:41","slug":"em-joao-pessoa-caririzeiros-participam-do-lancamento-da-caravana-das-obras-para-atualizacao-do-geopb","status":"publish","type":"post","link":"https:\/\/www.caririemacao.com\/1\/2018\/05\/25\/em-joao-pessoa-caririzeiros-participam-do-lancamento-da-caravana-das-obras-para-atualizacao-do-geopb\/","title":{"rendered":"Em Jo\u00e3o Pessoa:  Caririzeiros participam do lan\u00e7amento da caravana das obras para atualiza\u00e7\u00e3o do GEOPB"},"content":{"rendered":"<p>O Tribunal de Contas do Estado reuniu, na manh\u00e3 desta sexta-feira (25), representantes de Prefeituras paraibanas a fim de promover a atualiza\u00e7\u00e3o dos cadastros que comp\u00f5em o acervo do seu Sistema de Georreferenciamento de Obras P\u00fablicas (GeoPB).<\/p>\n<p>Do Cariri, estavam o radialista e gestor p\u00fablico Marivaldo Alc\u00e2ntara, do jornalista e secret\u00e1rio de Planejamento e Comunica\u00e7\u00e3o, Eduardo Belo, e do engenheiro civil, Humberto Mendes.<\/p>\n<p>Segundo Marivaldo Alc\u00e2ntara, tamb\u00e9m assessor t\u00e9cnico do Geo Obras do Tce disse que o encontro serviu para os munic\u00edpios tomarem conhecimento da visita dos t\u00e9cnicos do TCE em 200 munic\u00edpios paraibanos, objetivando facilitar o acompanhamento, aprimorar as gest\u00f5es municipais e garantir a transpar\u00eancia de a\u00e7\u00f5es requerida, tamb\u00e9m neste caso, pela sociedade.<\/p>\n<p>Na ocasi\u00e3o, o presidente do TCE, conselheiro Andr\u00e9 Carlo Torres Pontes, pediu que as Prefeituras disponham algu\u00e9m com suficiente conhecimento do assunto para reuni\u00f5es que equipes t\u00e9cnicas do TCE far\u00e3o a 200 munic\u00edpios, no per\u00edodo de 4 a 15 de junho. A \u201cCaravana das Obras\u201d, assim denominada, vai levantar, com a participa\u00e7\u00e3o das equipes municipais, a situa\u00e7\u00e3o de cada obra p\u00fablica, o que incluir\u00e1 custo, localiza\u00e7\u00e3o, prazo de execu\u00e7\u00e3o e planilhas de pagamento<\/p>\n<p>Vale salientar que o GEO PB j\u00e1 existe h\u00e1 cerca de oito anos e elabora em parceria com a Universidade Federal de Campina Grande, o GeoPB tanto permite a identifica\u00e7\u00e3o e localiza\u00e7\u00e3o \u2013 inclusive com imagens \u2013 quanto o armazenamento de informa\u00e7\u00f5es relacionadas a licita\u00e7\u00f5es, ordens de servi\u00e7o e dinheiro empregado nessas obras.<\/p>\n<p>O conselheiro Andr\u00e9 Carlo insistiu em que esse banco de dados de extrema valia para o setor p\u00fablico seja tamb\u00e9m disposto ao acompanhamento da sociedade por meio do Portal das Obras, j\u00e1 em fase final de elabora\u00e7\u00e3o.<\/p>\n<p>Com dois analistas de sistema e um engenheiro, a equipe do TCE visitar\u00e1 dois munic\u00edpios por dia a fim de treinar as equipes municipais para a atualiza\u00e7\u00e3o do Geo PB.<\/p>\n<p>Os 23 munic\u00edpios restantes, em meio aos quais Campina Grande, Jo\u00e3o Pessoa e \u00e1rea metropolitana, seja pela estrutura que possuem, seja pela proximidade, receber\u00e3o seus treinamentos no pr\u00f3prio Tribunal.<\/p>\n<p>\u201cEsta n\u00e3o \u00e9 uma iniciativa para sancionar ningu\u00e9m. \u00c9, isto sim, para o aperfei\u00e7oamento de um sistema \u00fatil, como j\u00e1 disse, ao pr\u00f3prio Tribunal, a cada um dos gestores e ao conjunto da sociedade paraibana\u201d, ressaltou o conselheiro Andr\u00e9 Carlo, ao fim de sua exposi\u00e7\u00e3o para prefeitos e assessores municipais, na manh\u00e3 desta quinta-feira.<\/p>\n<p><strong>CARIRI EM A\u00c7\u00c3O<\/strong><\/p>\n<p>Leia mais not\u00edcias em\u00a0<a href=\"http:\/\/www.caririemacao.com\/\">caririemacao.com<\/a>, siga nossa p\u00e1gina no\u00a0<a href=\"https:\/\/www.facebook.com\/CaririEmAcao\/?ref=aymt_homepage_panel\">Facebook<\/a>,\u00a0<a href=\"https:\/\/www.instagram.com\/cariri_em_acao\/?hl=pt-br\">Instagram<\/a>\u00a0e <a href=\"https:\/\/www.youtube.com\/channel\/UCAptA0jQuYQy8vMhLt2m4qg\">Youtube<\/a>\u00a0e veja nossas mat\u00e9rias, v\u00eddeos e fotos. Voc\u00ea tamb\u00e9m pode enviar informa\u00e7\u00f5es \u00e0 Reda\u00e7\u00e3o do Portal Cariri em A\u00e7\u00e3o pelo WhatsApp (83) 9 9634.5791, (83) 9 9601-1162.<\/p>\n","protected":false},"excerpt":{"rendered":"<p>O Tribunal de Contas do Estado reuniu, na manh\u00e3 desta sexta-feira (25), representantes de Prefeituras paraibanas a fim de promover a atualiza\u00e7\u00e3o dos cadastros que&hellip; <\/p>\n","protected":false},"author":2,"featured_media":52257,"comment_status":"closed","ping_status":"closed","sticky":false,"template":"","format":"standard","meta":{"sfsi_plus_gutenberg_text_before_share":"","sfsi_plus_gutenberg_show_text_before_share":"","sfsi_plus_gutenberg_icon_type":"","sfsi_plus_gutenberg_icon_alignemt":"","sfsi_plus_gutenburg_max_per_row":"","footnotes":""},"categories":[2],"tags":[],"class_list":["post-52256","post","type-post","status-publish","format-standard","has-post-thumbnail","hentry","category-geral"],"_links":{"self":[{"href":"https:\/\/www.caririemacao.com\/1\/wp-json\/wp\/v2\/posts\/52256","targetHints":{"allow":["GET"]}}],"collection":[{"href":"https:\/\/www.caririemacao.com\/1\/wp-json\/wp\/v2\/posts"}],"about":[{"href":"https:\/\/www.caririemacao.com\/1\/wp-json\/wp\/v2\/types\/post"}],"author":[{"embeddable":true,"href":"https:\/\/www.caririemacao.com\/1\/wp-json\/wp\/v2\/users\/2"}],"replies":[{"embeddable":true,"href":"https:\/\/www.caririemacao.com\/1\/wp-json\/wp\/v2\/comments?post=52256"}],"version-history":[{"count":0,"href":"https:\/\/www.caririemacao.com\/1\/wp-json\/wp\/v2\/posts\/52256\/revisions"}],"wp:featuredmedia":[{"embeddable":true,"href":"https:\/\/www.caririemacao.com\/1\/wp-json\/wp\/v2\/media\/52257"}],"wp:attachment":[{"href":"https:\/\/www.caririemacao.com\/1\/wp-json\/wp\/v2\/media?parent=52256"}],"wp:term":[{"taxonomy":"category","embeddable":true,"href":"https:\/\/www.caririemacao.com\/1\/wp-json\/wp\/v2\/categories?post=52256"},{"taxonomy":"post_tag","embeddable":true,"href":"https:\/\/www.caririemacao.com\/1\/wp-json\/wp\/v2\/tags?post=52256"}],"curies":[{"name":"wp","href":"https:\/\/api.w.org\/{rel}","templated":true}]}}