{"id":52259,"date":"2018-05-25T22:08:39","date_gmt":"2018-05-26T01:08:39","guid":{"rendered":"http:\/\/caririemacao.com\/1\/?p=52259"},"modified":"2018-05-25T22:08:39","modified_gmt":"2018-05-26T01:08:39","slug":"temer-atende-exercito-e-assina-decreto-nacional-de-garantia-da-lei-da-ordem","status":"publish","type":"post","link":"https:\/\/www.caririemacao.com\/1\/2018\/05\/25\/temer-atende-exercito-e-assina-decreto-nacional-de-garantia-da-lei-da-ordem\/","title":{"rendered":"Temer atende Ex\u00e9rcito e assina decreto nacional de Garantia da Lei da Ordem"},"content":{"rendered":"<p>O ministro Eliseu Padilha, da Casa Civil, acabou de anunciar que o governo Temer decretou, a pedido do comando do Ex\u00e9rcito, a edi\u00e7\u00e3o de um decreto de Garantia da Lei e da Ordem (GLO) que ampare a atua\u00e7\u00e3o das For\u00e7as Armadas em todo o territ\u00f3rio nacional para liberar rodoviais bloqueadas pela greve dos caminhoneiros.<\/p>\n<p>O comando do Ex\u00e9rcito havia solicitado a Temer nesta sexta a edi\u00e7\u00e3o do decreto. Os ministros confirmaram a decis\u00e3o em coletiva de imprensa no in\u00edcio desta noite.<\/p>\n<p><strong>CARIRI EM A\u00c7\u00c3O<\/strong><\/p>\n<p>Com Wscom\/Foto: Reprodu\u00e7\u00e3o Internet<\/p>\n<p>Leia mais not\u00edcias em\u00a0<a href=\"http:\/\/www.caririemacao.com\/\">caririemacao.com<\/a>, siga nossa p\u00e1gina no\u00a0<a href=\"https:\/\/www.facebook.com\/CaririEmAcao\/?ref=aymt_homepage_panel\">Facebook<\/a>,\u00a0<a href=\"https:\/\/www.instagram.com\/cariri_em_acao\/?hl=pt-br\">Instagram<\/a>\u00a0e\u00a0<a href=\"https:\/\/www.youtube.com\/channel\/UCAptA0jQuYQy8vMhLt2m4qg\">Youtube<\/a>\u00a0e veja nossas mat\u00e9rias, v\u00eddeos e fotos. Voc\u00ea tamb\u00e9m pode enviar informa\u00e7\u00f5es \u00e0 Reda\u00e7\u00e3o do Portal Cariri em A\u00e7\u00e3o pelo WhatsApp (83) 9 9634.5791, (83) 9 9601-1162.<\/p>\n","protected":false},"excerpt":{"rendered":"<p>O ministro Eliseu Padilha, da Casa Civil, acabou de anunciar que o governo Temer decretou, a pedido do comando do Ex\u00e9rcito, a edi\u00e7\u00e3o de um&hellip; <\/p>\n","protected":false},"author":2,"featured_media":44571,"comment_status":"closed","ping_status":"closed","sticky":false,"template":"","format":"standard","meta":{"sfsi_plus_gutenberg_text_before_share":"","sfsi_plus_gutenberg_show_text_before_share":"","sfsi_plus_gutenberg_icon_type":"","sfsi_plus_gutenberg_icon_alignemt":"","sfsi_plus_gutenburg_max_per_row":"","footnotes":""},"categories":[2],"tags":[],"class_list":["post-52259","post","type-post","status-publish","format-standard","has-post-thumbnail","hentry","category-geral"],"_links":{"self":[{"href":"https:\/\/www.caririemacao.com\/1\/wp-json\/wp\/v2\/posts\/52259","targetHints":{"allow":["GET"]}}],"collection":[{"href":"https:\/\/www.caririemacao.com\/1\/wp-json\/wp\/v2\/posts"}],"about":[{"href":"https:\/\/www.caririemacao.com\/1\/wp-json\/wp\/v2\/types\/post"}],"author":[{"embeddable":true,"href":"https:\/\/www.caririemacao.com\/1\/wp-json\/wp\/v2\/users\/2"}],"replies":[{"embeddable":true,"href":"https:\/\/www.caririemacao.com\/1\/wp-json\/wp\/v2\/comments?post=52259"}],"version-history":[{"count":0,"href":"https:\/\/www.caririemacao.com\/1\/wp-json\/wp\/v2\/posts\/52259\/revisions"}],"wp:featuredmedia":[{"embeddable":true,"href":"https:\/\/www.caririemacao.com\/1\/wp-json\/wp\/v2\/media\/44571"}],"wp:attachment":[{"href":"https:\/\/www.caririemacao.com\/1\/wp-json\/wp\/v2\/media?parent=52259"}],"wp:term":[{"taxonomy":"category","embeddable":true,"href":"https:\/\/www.caririemacao.com\/1\/wp-json\/wp\/v2\/categories?post=52259"},{"taxonomy":"post_tag","embeddable":true,"href":"https:\/\/www.caririemacao.com\/1\/wp-json\/wp\/v2\/tags?post=52259"}],"curies":[{"name":"wp","href":"https:\/\/api.w.org\/{rel}","templated":true}]}}