{"id":52263,"date":"2018-05-25T22:15:40","date_gmt":"2018-05-26T01:15:40","guid":{"rendered":"http:\/\/caririemacao.com\/1\/?p=52263"},"modified":"2018-05-25T22:15:40","modified_gmt":"2018-05-26T01:15:40","slug":"prefeitura-de-sume-prorroga-prazo-de-inscricoes-do-processo-seletivo-para-contratacao-de-professores","status":"publish","type":"post","link":"https:\/\/www.caririemacao.com\/1\/2018\/05\/25\/prefeitura-de-sume-prorroga-prazo-de-inscricoes-do-processo-seletivo-para-contratacao-de-professores\/","title":{"rendered":"Prefeitura de Sum\u00e9 prorroga prazo de inscri\u00e7\u00f5es do Processo Seletivo para contrata\u00e7\u00e3o de professores"},"content":{"rendered":"<p>A Prefeitura Municipal de Sum\u00e9\/PB, Estado da Para\u00edba, por meio de sua Secretaria Municipal da Educa\u00e7\u00e3o e Secretaria Municipal da Administra\u00e7\u00e3o, prorrogou at\u00e9 30 de maio de 2018, as inscri\u00e7\u00f5es do Processo Seletivo Simplificado n\u00ba 004\/2018, com vistas \u00e0 contrata\u00e7\u00e3o de: 03 (tr\u00eas) Professores por tempo determinado.<\/p>\n<p>O Presente Processo Seletivo P\u00fablico destina-se ao provimento de vagas para contrata\u00e7\u00e3o em car\u00e1ter excepcional, com contrata\u00e7\u00e3o pelo per\u00edodo de seis meses podendo ser prorrogado por igual per\u00edodo, com forma\u00e7\u00e3o de cadastro de reserva nos casos de rescis\u00e3o. O Processo Seletivo P\u00fablico ser\u00e1 realizado sob a responsabilidade da Prefeitura Municipal e Secretaria de Educa\u00e7\u00e3o de Sum\u00e9, sendo a respons\u00e1vel t\u00e9cnica e operacional pelo desenvolvimento da \u00fanica etapa relativa ao presente Processo Seletivo (an\u00e1lise de curr\u00edculo), acompanhada e fiscalizada pela Comiss\u00e3o de Fiscaliza\u00e7\u00e3o e Acompanhamento do Processo Seletivo.<\/p>\n<p>A op\u00e7\u00e3o de cargo por \u00e1rea de atua\u00e7\u00e3o, vagas, carga hor\u00e1ria, escolaridade\/requisitos e remunera\u00e7\u00e3o s\u00e3o os estabelecidos no quadro a seguir:<\/p>\n<p><a href=\"http:\/\/caririemacao.com\/1\/wp-content\/uploads\/2018\/05\/SUNE.jpg\"><img fetchpriority=\"high\" decoding=\"async\" class=\"size-full wp-image-51950 aligncenter\" src=\"http:\/\/caririemacao.com\/1\/wp-content\/uploads\/2018\/05\/SUNE.jpg\" alt=\"\" width=\"602\" height=\"293\" srcset=\"https:\/\/www.caririemacao.com\/1\/wp-content\/uploads\/2018\/05\/SUNE.jpg 602w, https:\/\/www.caririemacao.com\/1\/wp-content\/uploads\/2018\/05\/SUNE-300x146.jpg 300w\" sizes=\"(max-width: 602px) 100vw, 602px\" \/><\/a><br \/>\n<!--[endif]--><\/p>\n<p><strong>CARIRI EM A\u00c7\u00c3O<\/strong><\/p>\n<p>Com Ascom\/Foto: Reprodu\u00e7\u00e3o<\/p>\n<p>Leia mais not\u00edcias em\u00a0<a href=\"http:\/\/www.caririemacao.com\/\">caririemacao.com<\/a>, siga nossa p\u00e1gina no\u00a0<a href=\"https:\/\/www.facebook.com\/CaririEmAcao\/?ref=aymt_homepage_panel\">Facebook<\/a>,\u00a0<a href=\"https:\/\/www.instagram.com\/cariri_em_acao\/?hl=pt-br\">Instagram<\/a>\u00a0e\u00a0<a href=\"https:\/\/www.youtube.com\/channel\/UCAptA0jQuYQy8vMhLt2m4qg\">Youtube<\/a>\u00a0e veja nossas mat\u00e9rias, v\u00eddeos e fotos. Voc\u00ea tamb\u00e9m pode enviar informa\u00e7\u00f5es \u00e0 Reda\u00e7\u00e3o do Portal Cariri em A\u00e7\u00e3o pelo WhatsApp (83) 9 9634.5791, (83) 9 9601-1162.<\/p>\n","protected":false},"excerpt":{"rendered":"<p>A Prefeitura Municipal de Sum\u00e9\/PB, Estado da Para\u00edba, por meio de sua Secretaria Municipal da Educa\u00e7\u00e3o e Secretaria Municipal da Administra\u00e7\u00e3o, prorrogou at\u00e9 30 de&hellip; <\/p>\n","protected":false},"author":2,"featured_media":52105,"comment_status":"closed","ping_status":"closed","sticky":false,"template":"","format":"standard","meta":{"sfsi_plus_gutenberg_text_before_share":"","sfsi_plus_gutenberg_show_text_before_share":"","sfsi_plus_gutenberg_icon_type":"","sfsi_plus_gutenberg_icon_alignemt":"","sfsi_plus_gutenburg_max_per_row":"","footnotes":""},"categories":[6],"tags":[],"class_list":["post-52263","post","type-post","status-publish","format-standard","has-post-thumbnail","hentry","category-cidades"],"_links":{"self":[{"href":"https:\/\/www.caririemacao.com\/1\/wp-json\/wp\/v2\/posts\/52263","targetHints":{"allow":["GET"]}}],"collection":[{"href":"https:\/\/www.caririemacao.com\/1\/wp-json\/wp\/v2\/posts"}],"about":[{"href":"https:\/\/www.caririemacao.com\/1\/wp-json\/wp\/v2\/types\/post"}],"author":[{"embeddable":true,"href":"https:\/\/www.caririemacao.com\/1\/wp-json\/wp\/v2\/users\/2"}],"replies":[{"embeddable":true,"href":"https:\/\/www.caririemacao.com\/1\/wp-json\/wp\/v2\/comments?post=52263"}],"version-history":[{"count":0,"href":"https:\/\/www.caririemacao.com\/1\/wp-json\/wp\/v2\/posts\/52263\/revisions"}],"wp:featuredmedia":[{"embeddable":true,"href":"https:\/\/www.caririemacao.com\/1\/wp-json\/wp\/v2\/media\/52105"}],"wp:attachment":[{"href":"https:\/\/www.caririemacao.com\/1\/wp-json\/wp\/v2\/media?parent=52263"}],"wp:term":[{"taxonomy":"category","embeddable":true,"href":"https:\/\/www.caririemacao.com\/1\/wp-json\/wp\/v2\/categories?post=52263"},{"taxonomy":"post_tag","embeddable":true,"href":"https:\/\/www.caririemacao.com\/1\/wp-json\/wp\/v2\/tags?post=52263"}],"curies":[{"name":"wp","href":"https:\/\/api.w.org\/{rel}","templated":true}]}}