{"id":52265,"date":"2018-05-25T22:18:51","date_gmt":"2018-05-26T01:18:51","guid":{"rendered":"http:\/\/caririemacao.com\/1\/?p=52265"},"modified":"2018-05-25T22:18:51","modified_gmt":"2018-05-26T01:18:51","slug":"governo-diz-que-trabalha-para-assegurar-abastecimento-de-itens-criticos","status":"publish","type":"post","link":"https:\/\/www.caririemacao.com\/1\/2018\/05\/25\/governo-diz-que-trabalha-para-assegurar-abastecimento-de-itens-criticos\/","title":{"rendered":"Governo diz que trabalha para assegurar abastecimento de itens cr\u00edticos"},"content":{"rendered":"<p>Em coletiva de imprensa no Pal\u00e1cio do Planalto, o ministro do Gabinete da Seguran\u00e7a Institucional, S\u00e9rgio Etchegoyen, foi apresentado como coordenador do plano de seguran\u00e7a do governo para tentar acabar com a greve dos caminhoneiros, que completa o quinto dia nesta sexta-feira, 25.<\/p>\n<p>Os ministros da Casa Civil, Eliseu Padilha, da Seguran\u00e7a P\u00fablica, Raul Jungmann, da Secretaria de Governo, Carlos Marun, e da Defesa, Silva e Luna, tamb\u00e9m integram a chamada &#8220;sala de situa\u00e7\u00e3o&#8221;, que acompanha os andamentos dos trabalhos junto da Advocacia-Geral da Uni\u00e3o (AGU) e da Ag\u00eancia Brasileira de Intelig\u00eancia (Abin).<\/p>\n<p>Segundo Etchegoyen, o grupo se reuniu hoje duas vezes ao dia, de manh\u00e3 e \u00e0 tarde, e continuar\u00e1 com as reuni\u00f5es peri\u00f3dicas durante todo o final de semana. O ministro disse que o objetivo \u00e9 assegurar abastecimento de itens cr\u00edticos \u00e0 popula\u00e7\u00e3o.<\/p>\n<p>Pela manh\u00e3, ap\u00f3s conversa com o presidente Michel Temer, o grupo estabeleceu uma lista de prioridades para atuar, que foi aprovada por Temer. Segundo Etchegoyen, j\u00e1 houve atua\u00e7\u00e3o na Refinaria de Duque de Caxias, no Rio de Janeiro, onde h\u00e1 interven\u00e7\u00e3o militar, e a situa\u00e7\u00e3o &#8220;j\u00e1 normalizou praticamente quase na integralidade&#8221;. &#8220;Isso vai limpando horizonte para n\u00f3s&#8221;, avaliou o ministro.<\/p>\n<p>Ele considerou que, desde ontem, est\u00e1 caindo a taxa de interdi\u00e7\u00f5es nas vias brasileiras. &#8220;Estamos chegando a um bom momento.&#8221;<\/p>\n<p>Ethegoyen destacou ainda que todos os instrumentos do governo est\u00e3o em condi\u00e7\u00f5es de serem empregados para atuar para garantir o abastecimento nos estados e que o governo &#8220;n\u00e3o deixar\u00e1 de usar a energia necess\u00e1ria em nenhum momento.<\/p>\n<p>O ministro Padilha disse que, apesar do acordo do governo com os caminhoneiros n\u00e3o ter acabado com a greve, de ontem para hoje foram constatados &#8220;avan\u00e7os muito importantes&#8221;. &#8220;H\u00e1 resist\u00eancia por parte de alguns. \u00c0s vezes a resist\u00eancia de uma minoria barulhenta chama mais aten\u00e7\u00e3o do que a maioria&#8221;, disse.<\/p>\n<p><strong>CARIRI EM A\u00c7\u00c3O<\/strong><\/p>\n<p>Com Estad\u00e3o \/Foto: Reprodu\u00e7\u00e3o Internet<\/p>\n<p>Leia mais not\u00edcias em\u00a0<a href=\"http:\/\/www.caririemacao.com\/\">caririemacao.com<\/a>, siga nossa p\u00e1gina no\u00a0<a href=\"https:\/\/www.facebook.com\/CaririEmAcao\/?ref=aymt_homepage_panel\">Facebook<\/a>,\u00a0<a href=\"https:\/\/www.instagram.com\/cariri_em_acao\/?hl=pt-br\">Instagram<\/a>\u00a0e\u00a0<a href=\"https:\/\/www.youtube.com\/channel\/UCAptA0jQuYQy8vMhLt2m4qg\">Youtube<\/a>\u00a0e veja nossas mat\u00e9rias, v\u00eddeos e fotos. Voc\u00ea tamb\u00e9m pode enviar informa\u00e7\u00f5es \u00e0 Reda\u00e7\u00e3o do Portal Cariri em A\u00e7\u00e3o pelo WhatsApp (83) 9 9634.5791, (83) 9 9601-1162.<\/p>\n","protected":false},"excerpt":{"rendered":"<p>Em coletiva de imprensa no Pal\u00e1cio do Planalto, o ministro do Gabinete da Seguran\u00e7a Institucional, S\u00e9rgio Etchegoyen, foi apresentado como coordenador do plano de seguran\u00e7a&hellip; <\/p>\n","protected":false},"author":2,"featured_media":52266,"comment_status":"closed","ping_status":"closed","sticky":false,"template":"","format":"standard","meta":{"sfsi_plus_gutenberg_text_before_share":"","sfsi_plus_gutenberg_show_text_before_share":"","sfsi_plus_gutenberg_icon_type":"","sfsi_plus_gutenberg_icon_alignemt":"","sfsi_plus_gutenburg_max_per_row":"","footnotes":""},"categories":[2],"tags":[],"class_list":["post-52265","post","type-post","status-publish","format-standard","has-post-thumbnail","hentry","category-geral"],"_links":{"self":[{"href":"https:\/\/www.caririemacao.com\/1\/wp-json\/wp\/v2\/posts\/52265","targetHints":{"allow":["GET"]}}],"collection":[{"href":"https:\/\/www.caririemacao.com\/1\/wp-json\/wp\/v2\/posts"}],"about":[{"href":"https:\/\/www.caririemacao.com\/1\/wp-json\/wp\/v2\/types\/post"}],"author":[{"embeddable":true,"href":"https:\/\/www.caririemacao.com\/1\/wp-json\/wp\/v2\/users\/2"}],"replies":[{"embeddable":true,"href":"https:\/\/www.caririemacao.com\/1\/wp-json\/wp\/v2\/comments?post=52265"}],"version-history":[{"count":0,"href":"https:\/\/www.caririemacao.com\/1\/wp-json\/wp\/v2\/posts\/52265\/revisions"}],"wp:featuredmedia":[{"embeddable":true,"href":"https:\/\/www.caririemacao.com\/1\/wp-json\/wp\/v2\/media\/52266"}],"wp:attachment":[{"href":"https:\/\/www.caririemacao.com\/1\/wp-json\/wp\/v2\/media?parent=52265"}],"wp:term":[{"taxonomy":"category","embeddable":true,"href":"https:\/\/www.caririemacao.com\/1\/wp-json\/wp\/v2\/categories?post=52265"},{"taxonomy":"post_tag","embeddable":true,"href":"https:\/\/www.caririemacao.com\/1\/wp-json\/wp\/v2\/tags?post=52265"}],"curies":[{"name":"wp","href":"https:\/\/api.w.org\/{rel}","templated":true}]}}