{"id":52271,"date":"2018-05-25T22:25:00","date_gmt":"2018-05-26T01:25:00","guid":{"rendered":"http:\/\/caririemacao.com\/1\/?p=52271"},"modified":"2018-05-25T22:25:00","modified_gmt":"2018-05-26T01:25:00","slug":"cbf-antecipa-inscricao-dos-23-que-tite-chamou-para-copa-e-libera-atletas-da-pre-lista-para-o-brasileiro","status":"publish","type":"post","link":"https:\/\/www.caririemacao.com\/1\/2018\/05\/25\/cbf-antecipa-inscricao-dos-23-que-tite-chamou-para-copa-e-libera-atletas-da-pre-lista-para-o-brasileiro\/","title":{"rendered":"CBF antecipa inscri\u00e7\u00e3o dos 23 que Tite chamou para Copa e libera atletas da pr\u00e9-lista para o Brasileiro"},"content":{"rendered":"<p>Os clubes que tiveram atletas pr\u00e9-convocados pelo t\u00e9cnico Tite para a Copa do Mundo de 2018 receberam uma boa not\u00edcia nesta sexta-feira.<\/p>\n<p>A CBF (Confedera\u00e7\u00e3o Brasileira de Futebol) entregou para a Fifa a lista definitiva dos 23 relacionados para o Mundial da R\u00fassia. Com isso, os atletas que estavam na rela\u00e7\u00e3o de 12 suplentes poder\u00e3o jogar normalmente nas partidas restantes\u00a0Campeonato Brasileiro at\u00e9 o in\u00edcio da competi\u00e7\u00e3o na R\u00fassia.<\/p>\n<p>&#8220;A CBF informa tamb\u00e9m que os 12 atletas adicionais constantes na pr\u00e9-lista (35 jogadores) est\u00e3o em condi\u00e7\u00e3o de jogo por seus clubes nas competi\u00e7\u00f5es que estejam disputando&#8221;, informou a entidade,\u00a0por meio de nota.<\/p>\n<p>Um dos que esperavam a libera\u00e7\u00e3o era o atacante Dudu, do\u00a0Palmeiras.<\/p>\n<p>Nos \u00faltimos dias, o camisa 7 viveu um imbr\u00f3glio para saber se poderia entrar em campo ou n\u00e3o, devido ao per\u00edodo de descanso exigido pela Fifa aos atletas antes da Copa.<\/p>\n<p>Ele inclusive foi cortado \u00e0s pressas do confronto contra o\u00a0Am\u00e9rica-MG, na \u00faltima quarta-feira, pelas oitavas de final da Copa do Brasil,\u00a0j\u00e1 que o Palmeiras n\u00e3o tinha certeza se ele tinha condi\u00e7\u00f5es legais de jogo\u00a0&#8211; Deyverson acabou jogando em seu lugar.<\/p>\n<p>No entanto, Dudu recebeu do &#8220;Verd\u00e3o&#8221; nesta sexta a not\u00edcia de que poder\u00e1 defender normalmente o &#8220;Verd\u00e3o&#8221; neste s\u00e1bado, \u00e0s 19h (de Bras\u00edlia), contra o\u00a0Sport, no Allianz Parque, em duelo v\u00e1lido pela 7\u00aa rodada.<\/p>\n<p>A libera\u00e7\u00e3o, ali\u00e1s, tamb\u00e9m vale para outros jogadores que est\u00e3o na lista de 35 nomes de Tite para a R\u00fassia, como o atacante Luan e o volante Maicon, ambos do\u00a0Gr\u00eamio, e os zagueiros Ded\u00e9, do\u00a0Cruzeiro, e Rodrigo Caio, do\u00a0S\u00e3o Paulo.<\/p>\n<p>Antes disso, a informa\u00e7\u00e3o era que os jogadores que est\u00e3o pr\u00e9-convocados para o Mundial podiam atuar at\u00e9 o \u00faltimo dia 21 em competi\u00e7\u00f5es da CBF, e estavam liberados at\u00e9 dia 24 para jogos internacionais realizados pela Conmebol.<\/p>\n<p><strong>Confira os jogos da 7\u00aa rodada do Brasileir\u00e3o<\/strong>:<\/p>\n<p><strong>S\u00c1BADO<\/strong><\/p>\n<p><strong>16h<\/strong>\u00a0Fluminense x Chapecoense<\/p>\n<p><strong>19h\u00a0<\/strong>Palmeiras x Sport<\/p>\n<p><strong>21h\u00a0<\/strong>Atl\u00e9tico-MG x Flamengo<\/p>\n<p><strong>DOMINGO<\/strong><\/p>\n<p><strong>11h<\/strong>\u00a0Paran\u00e1 x Atl\u00e9tico-PR<\/p>\n<p><strong>16h\u00a0<\/strong>Bahia x Vasco<\/p>\n<p><strong>16h\u00a0<\/strong>Botafogo x Vit\u00f3ria<\/p>\n<p><strong>16h\u00a0<\/strong>Santos x Cruzeiro<\/p>\n<p><strong>16h<\/strong>\u00a0Internacional x Corinthians<\/p>\n<p><strong>19h<\/strong>\u00a0Am\u00e9rica-MG x S\u00e3o Paulo<\/p>\n<p><strong>19h\u00a0<\/strong>Cear\u00e1 x Gr\u00eamio<\/p>\n<p><strong>CARIRI EM A\u00c7\u00c3O<\/strong><\/p>\n<p>Com Estad\u00e3o \/Foto: Reprodu\u00e7\u00e3o Internet<\/p>\n<p>Leia mais not\u00edcias em\u00a0<a href=\"http:\/\/www.caririemacao.com\/\">caririemacao.com<\/a>, siga nossa p\u00e1gina no\u00a0<a href=\"https:\/\/www.facebook.com\/CaririEmAcao\/?ref=aymt_homepage_panel\">Facebook<\/a>,\u00a0<a href=\"https:\/\/www.instagram.com\/cariri_em_acao\/?hl=pt-br\">Instagram<\/a>\u00a0e\u00a0<a href=\"https:\/\/www.youtube.com\/channel\/UCAptA0jQuYQy8vMhLt2m4qg\">Youtube<\/a>\u00a0e veja nossas mat\u00e9rias, v\u00eddeos e fotos. Voc\u00ea tamb\u00e9m pode enviar informa\u00e7\u00f5es \u00e0 Reda\u00e7\u00e3o do Portal Cariri em A\u00e7\u00e3o pelo WhatsApp (83) 9 9634.5791, (83) 9 9601-1162.<\/p>\n","protected":false},"excerpt":{"rendered":"<p>Os clubes que tiveram atletas pr\u00e9-convocados pelo t\u00e9cnico Tite para a Copa do Mundo de 2018 receberam uma boa not\u00edcia nesta sexta-feira. A CBF (Confedera\u00e7\u00e3o&hellip; <\/p>\n","protected":false},"author":2,"featured_media":14699,"comment_status":"closed","ping_status":"closed","sticky":false,"template":"","format":"standard","meta":{"sfsi_plus_gutenberg_text_before_share":"","sfsi_plus_gutenberg_show_text_before_share":"","sfsi_plus_gutenberg_icon_type":"","sfsi_plus_gutenberg_icon_alignemt":"","sfsi_plus_gutenburg_max_per_row":"","footnotes":""},"categories":[13],"tags":[],"class_list":["post-52271","post","type-post","status-publish","format-standard","has-post-thumbnail","hentry","category-esportes"],"_links":{"self":[{"href":"https:\/\/www.caririemacao.com\/1\/wp-json\/wp\/v2\/posts\/52271","targetHints":{"allow":["GET"]}}],"collection":[{"href":"https:\/\/www.caririemacao.com\/1\/wp-json\/wp\/v2\/posts"}],"about":[{"href":"https:\/\/www.caririemacao.com\/1\/wp-json\/wp\/v2\/types\/post"}],"author":[{"embeddable":true,"href":"https:\/\/www.caririemacao.com\/1\/wp-json\/wp\/v2\/users\/2"}],"replies":[{"embeddable":true,"href":"https:\/\/www.caririemacao.com\/1\/wp-json\/wp\/v2\/comments?post=52271"}],"version-history":[{"count":0,"href":"https:\/\/www.caririemacao.com\/1\/wp-json\/wp\/v2\/posts\/52271\/revisions"}],"wp:featuredmedia":[{"embeddable":true,"href":"https:\/\/www.caririemacao.com\/1\/wp-json\/wp\/v2\/media\/14699"}],"wp:attachment":[{"href":"https:\/\/www.caririemacao.com\/1\/wp-json\/wp\/v2\/media?parent=52271"}],"wp:term":[{"taxonomy":"category","embeddable":true,"href":"https:\/\/www.caririemacao.com\/1\/wp-json\/wp\/v2\/categories?post=52271"},{"taxonomy":"post_tag","embeddable":true,"href":"https:\/\/www.caririemacao.com\/1\/wp-json\/wp\/v2\/tags?post=52271"}],"curies":[{"name":"wp","href":"https:\/\/api.w.org\/{rel}","templated":true}]}}