{"id":52273,"date":"2018-05-25T22:30:51","date_gmt":"2018-05-26T01:30:51","guid":{"rendered":"http:\/\/caririemacao.com\/1\/?p=52273"},"modified":"2018-05-25T22:30:51","modified_gmt":"2018-05-26T01:30:51","slug":"o-que-os-presidenciaveis-dizem-sobre-a-greve-dos-caminhoneiros","status":"publish","type":"post","link":"https:\/\/www.caririemacao.com\/1\/2018\/05\/25\/o-que-os-presidenciaveis-dizem-sobre-a-greve-dos-caminhoneiros\/","title":{"rendered":"O que os presidenci\u00e1veis dizem sobre a greve dos caminhoneiros"},"content":{"rendered":"<p>Em seu quinto dia nesta sexta (25), a greve dos caminhoneiros \u00e9 o assunto mais comentado no Brasil. Com o bloqueio de estradas, a paralisa\u00e7\u00e3o prejudica a oferta de diversos servi\u00e7os p\u00fablicos no pa\u00eds, j\u00e1 que os combust\u00edveis n\u00e3o chegam aos postos de abastecimento. Entre os servi\u00e7os afetados, est\u00e3o o transporte p\u00fablico, voos e a coleta de lixo.<\/p>\n<p>Na noite de quinta (24), o governo federal anunciou que foi fechado um acordo para suspender a greve dos caminhoneiros por 15 dias. Mesmo assim, protestos continuaram acontecendo pelo pa\u00eds nesta sexta. O presidente Michel Temer (MDB) autorizou nesta sexta o uso de for\u00e7as federais para desbloquear as estradas.<\/p>\n<p>Os caminhoneiros protestam contra os recentes aumentos nos pre\u00e7os dos combust\u00edveis. Confira o que os pr\u00e9-candidatos \u00e0 Presid\u00eancia da Rep\u00fablica t\u00eam a dizer sobre o assunto.<\/p>\n<p><strong>Alvaro Dias (Podemos)<\/strong><\/p>\n<div class=\"mod-foto-embed w615x300\">\n<div class=\"figure\">Em v\u00eddeo publicado nas redes sociais, o senador Alvaro Dias (Podemos) foi at\u00e9 uma ocupa\u00e7\u00e3o de grevistas em Minas Gerais e manifestou apoio aos caminhoneiros. &#8220;Que se coloquem na cadeia aqueles que assaltaram a Petrobras, e n\u00e3o cobrem essa conta do povo brasileiro&#8221;, disse.<\/div>\n<\/div>\n<p>O pr\u00e9-candidato afirmou que a greve n\u00e3o se resume \u00e0s reivindica\u00e7\u00f5es dos caminhoneiros. &#8220;[\u00c9 uma revolta] de toda uma na\u00e7\u00e3o, a sociedade brasileira est\u00e1 cansada da incompet\u00eancia generalizada dos governos e dos governantes, cansada da corrup\u00e7\u00e3o e da impunidade como regra e exige mudan\u00e7as nos rumos do nosso pa\u00eds.&#8221;<\/p>\n<p><strong>Ciro Gomes (PDT)<\/strong><\/p>\n<div class=\"mod-foto-embed w615x300\">\n<div class=\"figure\">Ciro Gomes apontou nesta sexta (25) a pol\u00edtica de pre\u00e7os da Petrobras como a respons\u00e1vel pela crise provocada pela greve dos caminhoneiros. &#8220;A pol\u00edtica de pre\u00e7os de Pedro Parente e do Michel Temer \u00e9 uma fraude que fez uma na\u00e7\u00e3o inteira de ref\u00e9m, a economia inteira de ref\u00e9m, para beneficiar meia d\u00fazia de acionista miniorit\u00e1rios&#8221;, disse Ciro.<\/div>\n<\/div>\n<p>Ele tamb\u00e9m criticou o acordo feito com os caminhoneiros para p\u00f4r fim \u00e0 greve,\u00a0n\u00e3o cumprido pela categoria. &#8220;O acordo que o governo fez aperfei\u00e7oa essa fraude na medida em que espera nas costas do povo pela ren\u00fancia fiscal incab\u00edvel numa hora dif\u00edcil como esta com uma solu\u00e7\u00e3o que n\u00e3o resolve nada.&#8221;<\/p>\n<p><strong>Geraldo Alckmin (PSDB)<\/strong><\/p>\n<div class=\"mod-foto-embed w615x300\">\n<div class=\"figure\">O ex-governador de S\u00e3o Paulo Geraldo Alckmin n\u00e3o se posicionou sobre a greve dos caminhoneiros at\u00e9 o momento.<\/div>\n<\/div>\n<p><strong>Guilherme Boulos (PSOL)<\/strong><\/p>\n<div class=\"mod-foto-embed w615x300\">\n<div class=\"figure\">Em suas redes sociais, Guilherme Boulos disse que &#8220;os grandes respons\u00e1veis&#8221; pela crise de abastecimento no pa\u00eds s\u00e3o Pedro Parente, presidente da Petrobras, e o presidente Michel Temer.<\/div>\n<\/div>\n<p>&#8220;Gasolina a quase R$ 5 \u00e9 resultado da desastrosa pol\u00edtica de pre\u00e7os de Temer e Pedro Parente na Petrobras. Subordinam a empresa p\u00fablica aos lucros dos acionistas, com aumentos abusivos para a popula\u00e7\u00e3o. Por isso, o movimento grevista \u00e9 leg\u00edtimo. Os reajustes devem ser anulados j\u00e1&#8221;, disse.<\/p>\n<p>Para Boulos, &#8220;empresa p\u00fablica deve servir a popula\u00e7\u00e3o, n\u00e3o gerar lucro para acionistas&#8221;. O coordenador nacional do MTST (Movimento dos Trabalhadores Sem Teto) tamb\u00e9m criticou a decis\u00e3o de Temer de autorizar o uso de for\u00e7as federais para desbloquear as estradas. &#8220;Temer age com covardia, com uma pol\u00edtica de pre\u00e7os de combust\u00edveis que se ajoelhou diante do mercado. E agora apela para a for\u00e7a militar&#8221;, disse.<\/p>\n<p><strong>Henrique Meirelles (MDB)<\/strong><\/p>\n<div class=\"mod-foto-embed w615x300\">\n<div class=\"figure\">Na avalia\u00e7\u00e3o do ex-ministro Henrique Meirelles,\u00a0h\u00e1 um componente pol\u00edtico-ideol\u00f3gico no movimento dos caminhoneiros.\u00a0&#8220;\u00c9 inaceit\u00e1vel que, al\u00e9m dos problemas graves e reais dos pre\u00e7os do petr\u00f3leo e derivados, haja um componente pol\u00edtico-ideol\u00f3gico e empresarial nessa alian\u00e7a de entidades politicamente engajadas com empresas transportadoras&#8221;, disse.<\/div>\n<\/div>\n<p>Para resolver o problema definitivamente, Meirelles disse \u00e9 que preciso reduzir as despesas federais e abrir espa\u00e7o para diminuir os impostos, inclusive dos combust\u00edveis. &#8220;No n\u00edvel estadual, \u00e9 preciso realizar uma reforma tribut\u00e1ria visando a redu\u00e7\u00e3o de impostos nos combust\u00edveis&#8221;, sugeriu. A cria\u00e7\u00e3o do fundo estava sendo estudada pela \u00e1rea econ\u00f4mica do governo.<\/p>\n<p><strong>Jair Bolsonaro (PSL)<\/strong><\/p>\n<div class=\"mod-foto-embed w615x300\">\n<div class=\"figure\">Em v\u00eddeo publicado em sua p\u00e1gina no Facebook nesta sexta, o deputado federal Jair Bolsonaro disse ser favor\u00e1vel ao movimento dos caminhoneiros e criticou a &#8220;ind\u00fastria da multa&#8221;, &#8220;a condi\u00e7\u00e3o das estradas&#8221; e o &#8220;roubo de cargas&#8221;.<\/div>\n<\/div>\n<p>&#8220;Caminhoneiros, parab\u00e9ns. Voc\u00eas est\u00e3o fazendo uma coisa muito importante, mais at\u00e9 do que as elei\u00e7\u00f5es. Eu s\u00f3 pe\u00e7o uma coisa a voc\u00eas: n\u00e3o bloqueiem a estrada&#8221;, disse o deputado, que responsabilizou &#8220;infiltrados do PT ou da CUT&#8221; pelos bloqueios em andamento em todo o pa\u00eds.<\/p>\n<p>Na quinta-feira (24),\u00a0Bolsonaro chegou a dizer que era &#8220;100%&#8221; favor\u00e1vel \u00e0 paralisa\u00e7\u00e3o dos caminhoneiros,\u00a0mas afirmou que a categoria n\u00e3o contaria com seu apoio &#8220;se porventura&#8221; estivesse havendo bloqueio de estradas.<\/p>\n<p><strong>Luiz In\u00e1cio Lula da Silva (PT)<\/strong><\/p>\n<div class=\"mod-foto-embed w615x300\">\n<div class=\"figure\">O ex-presidente Lula\u00a0criticou a alta no pre\u00e7o dos combust\u00edveis.\u00a0&#8220;&#8216;A que ponto n\u00f3s chegamos? O pre\u00e7o da gasolina, uma greve desse porte, e cad\u00ea o governo? O governo n\u00e3o faz nada&#8221;, afirmou Lula, segundo os deputados Paulo Pimenta (PT-RS) e Jos\u00e9 Guimar\u00e3es (PT-CE), que visitaram Lula na sede da PF (Pol\u00edcia Federal) em Curitiba nesta quinta (24).<\/div>\n<\/div>\n<p>O ex-presidente cumpre pena de 12 anos e um m\u00eas de pris\u00e3o pelos crimes de lavagem de dinheiro e corrup\u00e7\u00e3o passiva desde o dia 7 de abril.<\/p>\n<p><strong>Manuela D&#8217;\u00c1vila (PCdoB)<\/strong><\/p>\n<div class=\"mod-foto-embed w615x300\">Por meio das redes sociais, a deputada estadual (RS) Manuela D&#8217;\u00c1vila disse que falta legitimidade ao governo de Michel Temer (MDB) e isso o impede de ter autoridade diante dos grevistas. &#8220;N\u00e3o tem os pressupostos para negociar, achar rumos e encontrar sa\u00eddas.&#8221;<\/div>\n<p>Manuela criticou o governo federal por ter acionado as For\u00e7as Armadas para desobstruir as estradas. &#8220;Sem autoridade pra negociar sa\u00eddas, sem legitimidade nenhuma, Temer coloca o Brasil inteiro sob GLO\u00a0[Garantia de Lei e da Ordem]. Essa \u00e9 a solu\u00e7\u00e3o improvisada de Temer para a crise&#8221;, afirmou.<\/p>\n<p><strong>Marina Silva (Rede)<\/strong><\/p>\n<div class=\"mod-foto-embed w615x300\">\n<div class=\"figure\">Em sabatina promovida por\u00a0UOL, Folha e SBT na quinta (24), Marina Silva disse que a mensagem passada durante a greve dos caminhoneiros \u00e9 de que a\u00a0Petrobras sofre press\u00e3o pol\u00edtica e n\u00e3o segue todas as regras de mercado.<\/div>\n<\/div>\n<p>&#8220;Voc\u00ea segue a l\u00f3gica de mercado, porque fazendo no olho do furac\u00e3o com a press\u00e3o pol\u00edtica, a mensagem que passou externamente \u00e9 que a Petrobras n\u00e3o est\u00e1 se comportando de acordo com as regras do mercado&#8221;, declarou. &#8220;E a\u00ed vai uma desvaloriza\u00e7\u00e3o das a\u00e7\u00f5es da Petrobras na ordem de 11%.&#8221;<\/p>\n<p><strong>CARIRI EM A\u00c7\u00c3O<\/strong><\/p>\n<p>Com Estad\u00e3o \/Foto: Reprodu\u00e7\u00e3o Internet<\/p>\n<p>Leia mais not\u00edcias em\u00a0<a href=\"http:\/\/www.caririemacao.com\/\">caririemacao.com<\/a>, siga nossa p\u00e1gina no\u00a0<a href=\"https:\/\/www.facebook.com\/CaririEmAcao\/?ref=aymt_homepage_panel\">Facebook<\/a>,\u00a0<a href=\"https:\/\/www.instagram.com\/cariri_em_acao\/?hl=pt-br\">Instagram<\/a>\u00a0e\u00a0<a href=\"https:\/\/www.youtube.com\/channel\/UCAptA0jQuYQy8vMhLt2m4qg\">Youtube<\/a>\u00a0e veja nossas mat\u00e9rias, v\u00eddeos e fotos. Voc\u00ea tamb\u00e9m pode enviar informa\u00e7\u00f5es \u00e0 Reda\u00e7\u00e3o do Portal Cariri em A\u00e7\u00e3o pelo WhatsApp (83) 9 9634.5791, (83) 9 9601-1162.<\/p>\n","protected":false},"excerpt":{"rendered":"<p>Em seu quinto dia nesta sexta (25), a greve dos caminhoneiros \u00e9 o assunto mais comentado no Brasil. Com o bloqueio de estradas, a paralisa\u00e7\u00e3o&hellip; <\/p>\n","protected":false},"author":2,"featured_media":21839,"comment_status":"closed","ping_status":"closed","sticky":false,"template":"","format":"standard","meta":{"sfsi_plus_gutenberg_text_before_share":"","sfsi_plus_gutenberg_show_text_before_share":"","sfsi_plus_gutenberg_icon_type":"","sfsi_plus_gutenberg_icon_alignemt":"","sfsi_plus_gutenburg_max_per_row":"","footnotes":""},"categories":[1],"tags":[],"class_list":["post-52273","post","type-post","status-publish","format-standard","has-post-thumbnail","hentry","category-o-site"],"_links":{"self":[{"href":"https:\/\/www.caririemacao.com\/1\/wp-json\/wp\/v2\/posts\/52273","targetHints":{"allow":["GET"]}}],"collection":[{"href":"https:\/\/www.caririemacao.com\/1\/wp-json\/wp\/v2\/posts"}],"about":[{"href":"https:\/\/www.caririemacao.com\/1\/wp-json\/wp\/v2\/types\/post"}],"author":[{"embeddable":true,"href":"https:\/\/www.caririemacao.com\/1\/wp-json\/wp\/v2\/users\/2"}],"replies":[{"embeddable":true,"href":"https:\/\/www.caririemacao.com\/1\/wp-json\/wp\/v2\/comments?post=52273"}],"version-history":[{"count":0,"href":"https:\/\/www.caririemacao.com\/1\/wp-json\/wp\/v2\/posts\/52273\/revisions"}],"wp:featuredmedia":[{"embeddable":true,"href":"https:\/\/www.caririemacao.com\/1\/wp-json\/wp\/v2\/media\/21839"}],"wp:attachment":[{"href":"https:\/\/www.caririemacao.com\/1\/wp-json\/wp\/v2\/media?parent=52273"}],"wp:term":[{"taxonomy":"category","embeddable":true,"href":"https:\/\/www.caririemacao.com\/1\/wp-json\/wp\/v2\/categories?post=52273"},{"taxonomy":"post_tag","embeddable":true,"href":"https:\/\/www.caririemacao.com\/1\/wp-json\/wp\/v2\/tags?post=52273"}],"curies":[{"name":"wp","href":"https:\/\/api.w.org\/{rel}","templated":true}]}}