{"id":52279,"date":"2018-05-25T22:39:51","date_gmt":"2018-05-26T01:39:51","guid":{"rendered":"http:\/\/caririemacao.com\/1\/?p=52279"},"modified":"2018-05-25T22:39:51","modified_gmt":"2018-05-26T01:39:51","slug":"batinga-revela-dialogos-com-grupo-da-prefeita-de-monteiro-e-nao-descarta-alianca","status":"publish","type":"post","link":"https:\/\/www.caririemacao.com\/1\/2018\/05\/25\/batinga-revela-dialogos-com-grupo-da-prefeita-de-monteiro-e-nao-descarta-alianca\/","title":{"rendered":"Batinga revela di\u00e1logos com grupo da prefeita de Monteiro e n\u00e3o descarta alian\u00e7a"},"content":{"rendered":"<p>O pr\u00e9-candidato a deputado estadual e ex-prefeito, Carlos Batinga (PTB), revelou nesta sexta-feira, 25, que tem mantido intensas conversas com aliados da prefeita de Monteiro, Anna Lorena (PSDB). As declara\u00e7\u00f5es foram dadas durante entrevista na r\u00e1dio Monteiro FM.<\/p>\n<p>Batinga disse que tem um estilo pacificador e com isso tem mantido contatos com aliados da base da prefeita Lorena com o intuito de formar uma alian\u00e7a pol\u00edtica visando as elei\u00e7\u00f5es estaduais de 2018 e as elei\u00e7\u00f5es municipais de 2020.<\/p>\n<p>\u201cEu tenho conversado sempre com v\u00e1rios aliados da prefeita, desde os vereadores ao vice-prefeito, pois todos j\u00e1 foram meus aliados e tenho uma boa rela\u00e7\u00e3o com eles\u201d, disse.<\/p>\n<p>Por\u00e9m, Batinga disse que ainda n\u00e3o manteve contatos direto com Anna Lorena, mas que est\u00e1 aberto e n\u00e3o descartou uma uni\u00e3o dos grupos pol\u00edticos ainda nestas elei\u00e7\u00f5es.<\/p>\n<p><strong>CARIRI EM A\u00c7\u00c3O<\/strong><\/p>\n<p>Com Vitrine do Cariri \/Foto: Reprodu\u00e7\u00e3o Internet<\/p>\n<p>Leia mais not\u00edcias em\u00a0<a href=\"http:\/\/www.caririemacao.com\/\">caririemacao.com<\/a>, siga nossa p\u00e1gina no\u00a0<a href=\"https:\/\/www.facebook.com\/CaririEmAcao\/?ref=aymt_homepage_panel\">Facebook<\/a>,\u00a0<a href=\"https:\/\/www.instagram.com\/cariri_em_acao\/?hl=pt-br\">Instagram<\/a>\u00a0e\u00a0<a href=\"https:\/\/www.youtube.com\/channel\/UCAptA0jQuYQy8vMhLt2m4qg\">Youtube<\/a>\u00a0e veja nossas mat\u00e9rias, v\u00eddeos e fotos. Voc\u00ea tamb\u00e9m pode enviar informa\u00e7\u00f5es \u00e0 Reda\u00e7\u00e3o do Portal Cariri em A\u00e7\u00e3o pelo WhatsApp (83) 9 9634.5791, (83) 9 9601-1162.<\/p>\n","protected":false},"excerpt":{"rendered":"<p>O pr\u00e9-candidato a deputado estadual e ex-prefeito, Carlos Batinga (PTB), revelou nesta sexta-feira, 25, que tem mantido intensas conversas com aliados da prefeita de Monteiro,&hellip; <\/p>\n","protected":false},"author":2,"featured_media":23080,"comment_status":"closed","ping_status":"closed","sticky":false,"template":"","format":"standard","meta":{"sfsi_plus_gutenberg_text_before_share":"","sfsi_plus_gutenberg_show_text_before_share":"","sfsi_plus_gutenberg_icon_type":"","sfsi_plus_gutenberg_icon_alignemt":"","sfsi_plus_gutenburg_max_per_row":"","footnotes":""},"categories":[11],"tags":[],"class_list":["post-52279","post","type-post","status-publish","format-standard","has-post-thumbnail","hentry","category-politica"],"_links":{"self":[{"href":"https:\/\/www.caririemacao.com\/1\/wp-json\/wp\/v2\/posts\/52279","targetHints":{"allow":["GET"]}}],"collection":[{"href":"https:\/\/www.caririemacao.com\/1\/wp-json\/wp\/v2\/posts"}],"about":[{"href":"https:\/\/www.caririemacao.com\/1\/wp-json\/wp\/v2\/types\/post"}],"author":[{"embeddable":true,"href":"https:\/\/www.caririemacao.com\/1\/wp-json\/wp\/v2\/users\/2"}],"replies":[{"embeddable":true,"href":"https:\/\/www.caririemacao.com\/1\/wp-json\/wp\/v2\/comments?post=52279"}],"version-history":[{"count":0,"href":"https:\/\/www.caririemacao.com\/1\/wp-json\/wp\/v2\/posts\/52279\/revisions"}],"wp:featuredmedia":[{"embeddable":true,"href":"https:\/\/www.caririemacao.com\/1\/wp-json\/wp\/v2\/media\/23080"}],"wp:attachment":[{"href":"https:\/\/www.caririemacao.com\/1\/wp-json\/wp\/v2\/media?parent=52279"}],"wp:term":[{"taxonomy":"category","embeddable":true,"href":"https:\/\/www.caririemacao.com\/1\/wp-json\/wp\/v2\/categories?post=52279"},{"taxonomy":"post_tag","embeddable":true,"href":"https:\/\/www.caririemacao.com\/1\/wp-json\/wp\/v2\/tags?post=52279"}],"curies":[{"name":"wp","href":"https:\/\/api.w.org\/{rel}","templated":true}]}}