{"id":52281,"date":"2018-05-25T22:46:08","date_gmt":"2018-05-26T01:46:08","guid":{"rendered":"http:\/\/caririemacao.com\/1\/?p=52281"},"modified":"2018-05-25T22:46:08","modified_gmt":"2018-05-26T01:46:08","slug":"caminhoneiros-vao-manter-greve-mesmo-com-exercito","status":"publish","type":"post","link":"https:\/\/www.caririemacao.com\/1\/2018\/05\/25\/caminhoneiros-vao-manter-greve-mesmo-com-exercito\/","title":{"rendered":"Caminhoneiros v\u00e3o manter greve mesmo com Ex\u00e9rcito"},"content":{"rendered":"<p>\u201cN\u00e3o vamos abrir nem para um trem!\u201d. Foi dessa maneira que o presidente do Sindicato dos Condutores e Empregados em Empresas de Transporte de Combust\u00edveis Produtos Perigosos e Derivados de Petr\u00f3leo no Estado da Para\u00edba (Sindconpetro-PB), Hermerson Galdino, reagiu a determina\u00e7\u00e3o do presidente Michel Temer (MDB) de enviar tropas federais para desobstruir as estradas no Brasil.<\/p>\n<p>, Hermerson voltou a afirmar que a manifesta\u00e7\u00e3o dos caminhoneiros, que protestam desde segunda-feira (21) contra o aumento de pre\u00e7os do \u00f3leo diesel, \u00e9 pac\u00edfica e ordeira, sem bloqueio das rodovias.<\/p>\n<p>\u201cNossa manifesta\u00e7\u00e3o \u00e9 pac\u00edfica e ordeira. N\u00e3o estamos bloqueando rodovias. Ele (presidente Michel Temer) vai nos obrigar a trabalhar? Vivemos em um pa\u00eds democr\u00e1tico e ele (Temer) deve nos respeitar. N\u00f3s, caminhoneiros, vamos permanecer onde estamos. N\u00e3o vamos abrir nem para um trem!\u201d, disse Hermerson Galdino.<\/p>\n<p><strong>CARIRI EM A\u00c7\u00c3O<\/strong><\/p>\n<p>Com portalcorreio \/Foto: Reprodu\u00e7\u00e3o Internet<\/p>\n<p>Leia mais not\u00edcias em\u00a0<a href=\"http:\/\/www.caririemacao.com\/\">caririemacao.com<\/a>, siga nossa p\u00e1gina no\u00a0<a href=\"https:\/\/www.facebook.com\/CaririEmAcao\/?ref=aymt_homepage_panel\">Facebook<\/a>,\u00a0<a href=\"https:\/\/www.instagram.com\/cariri_em_acao\/?hl=pt-br\">Instagram<\/a>\u00a0e\u00a0<a href=\"https:\/\/www.youtube.com\/channel\/UCAptA0jQuYQy8vMhLt2m4qg\">Youtube<\/a>\u00a0e veja nossas mat\u00e9rias, v\u00eddeos e fotos. Voc\u00ea tamb\u00e9m pode enviar informa\u00e7\u00f5es \u00e0 Reda\u00e7\u00e3o do Portal Cariri em A\u00e7\u00e3o pelo WhatsApp (83) 9 9634.5791, (83) 9 9601-1162.<\/p>\n","protected":false},"excerpt":{"rendered":"<p>\u201cN\u00e3o vamos abrir nem para um trem!\u201d. Foi dessa maneira que o presidente do Sindicato dos Condutores e Empregados em Empresas de Transporte de Combust\u00edveis&hellip; <\/p>\n","protected":false},"author":2,"featured_media":52282,"comment_status":"closed","ping_status":"closed","sticky":false,"template":"","format":"standard","meta":{"sfsi_plus_gutenberg_text_before_share":"","sfsi_plus_gutenberg_show_text_before_share":"","sfsi_plus_gutenberg_icon_type":"","sfsi_plus_gutenberg_icon_alignemt":"","sfsi_plus_gutenburg_max_per_row":"","footnotes":""},"categories":[2],"tags":[],"class_list":["post-52281","post","type-post","status-publish","format-standard","has-post-thumbnail","hentry","category-geral"],"_links":{"self":[{"href":"https:\/\/www.caririemacao.com\/1\/wp-json\/wp\/v2\/posts\/52281","targetHints":{"allow":["GET"]}}],"collection":[{"href":"https:\/\/www.caririemacao.com\/1\/wp-json\/wp\/v2\/posts"}],"about":[{"href":"https:\/\/www.caririemacao.com\/1\/wp-json\/wp\/v2\/types\/post"}],"author":[{"embeddable":true,"href":"https:\/\/www.caririemacao.com\/1\/wp-json\/wp\/v2\/users\/2"}],"replies":[{"embeddable":true,"href":"https:\/\/www.caririemacao.com\/1\/wp-json\/wp\/v2\/comments?post=52281"}],"version-history":[{"count":0,"href":"https:\/\/www.caririemacao.com\/1\/wp-json\/wp\/v2\/posts\/52281\/revisions"}],"wp:featuredmedia":[{"embeddable":true,"href":"https:\/\/www.caririemacao.com\/1\/wp-json\/wp\/v2\/media\/52282"}],"wp:attachment":[{"href":"https:\/\/www.caririemacao.com\/1\/wp-json\/wp\/v2\/media?parent=52281"}],"wp:term":[{"taxonomy":"category","embeddable":true,"href":"https:\/\/www.caririemacao.com\/1\/wp-json\/wp\/v2\/categories?post=52281"},{"taxonomy":"post_tag","embeddable":true,"href":"https:\/\/www.caririemacao.com\/1\/wp-json\/wp\/v2\/tags?post=52281"}],"curies":[{"name":"wp","href":"https:\/\/api.w.org\/{rel}","templated":true}]}}