{"id":52284,"date":"2018-05-25T22:51:12","date_gmt":"2018-05-26T01:51:12","guid":{"rendered":"http:\/\/caririemacao.com\/1\/?p=52284"},"modified":"2018-05-25T22:51:12","modified_gmt":"2018-05-26T01:51:12","slug":"joao-culpa-temer-por-crise-dos-combustiveis-e-alerta-querem-transferir-para-os-estados","status":"publish","type":"post","link":"https:\/\/www.caririemacao.com\/1\/2018\/05\/25\/joao-culpa-temer-por-crise-dos-combustiveis-e-alerta-querem-transferir-para-os-estados\/","title":{"rendered":"Jo\u00e3o culpa Temer por crise dos combust\u00edveis e alerta: \u201cquerem transferir para os Estados\u201d"},"content":{"rendered":"<p>O pr\u00e9-candidato ao Governo do Estado pelo PSB, Jo\u00e3o Azev\u00eado, usou as redes sociais para comentar a crise envolvendo o aumento no pre\u00e7o dos combust\u00edveis no Brasil, que culminou com a atual greve dos caminhoneiros, causando desabastecimento de v\u00e1rios produtos nas cidades.<\/p>\n<p>Para Jo\u00e3o, os aumentos constantes no pre\u00e7o dos combust\u00edveis s\u00e3o frutos de uma pol\u00edtica implantada pelo Governo Federal e, entretanto, \u201cquerem\u201d transferir a responsabilidade para o Estados por conta dos impostos.<\/p>\n<p class=\"TweetTextSize TweetTextSize--jumbo js-tweet-text tweet-text\" lang=\"pt\" data-aria-label-part=\"0\">\u201cA Para\u00edba e o Brasil passam por dificuldades com a crise dos combust\u00edveis. Vamos lembrar que o atual momento \u00e9 reflexo da decis\u00e3o do Governo Federal no final de 2016. A dolariza\u00e7\u00e3o, a exporta\u00e7\u00e3o do petr\u00f3leo bruto e a compra do refinado levaram os pre\u00e7os a aumentos sucessivos. Querem colocar essa conta nos impostos estaduais, transferir a responsabilidade para os estados. A verdade \u00e9 que a pol\u00edtica implantada do governo Temer \u00e9 respons\u00e1vel pelos aumentos constantes. Nos governos Lula e Dilma o ICMS era o mesmo e os combust\u00edveis, mais baratos\u201d, observou.<\/p>\n<p lang=\"pt\" data-aria-label-part=\"0\">Para o ex-secret\u00e1rio, \u00e9 preciso que a popula\u00e7\u00e3o esteja informada para responsabilizar os agentes certos pelas crises causadas no pa\u00eds.<\/p>\n<div class=\"js-tweet-text-container\">\n<p class=\"TweetTextSize TweetTextSize--jumbo js-tweet-text tweet-text\" lang=\"pt\" data-aria-label-part=\"0\">\u201cTemos que ficar atentos para n\u00e3o sermos v\u00edtimas da falta de informa\u00e7\u00e3o. O Governo Federal atual e seus apoiadores s\u00e3o os verdadeiros respons\u00e1veis. Recomendamos tamb\u00e9m denunciar ao Procon os casos de pre\u00e7os abusivos praticados pelos postos. Procon 0800 083 2015\u201d, finalizou.<\/p>\n<p><strong>CARIRI EM A\u00c7\u00c3O<\/strong><\/p>\n<p>Com Para\u00edba J\u00e1<\/p>\n<p>Leia mais not\u00edcias em\u00a0<a href=\"http:\/\/www.caririemacao.com\/\">caririemacao.com<\/a>, siga nossa p\u00e1gina no\u00a0<a href=\"https:\/\/www.facebook.com\/CaririEmAcao\/?ref=aymt_homepage_panel\">Facebook<\/a>,\u00a0<a href=\"https:\/\/www.instagram.com\/cariri_em_acao\/?hl=pt-br\">Instagram<\/a>\u00a0e\u00a0<a href=\"https:\/\/www.youtube.com\/channel\/UCAptA0jQuYQy8vMhLt2m4qg\">Youtube<\/a>\u00a0e veja nossas mat\u00e9rias, v\u00eddeos e fotos. Voc\u00ea tamb\u00e9m pode enviar informa\u00e7\u00f5es \u00e0 Reda\u00e7\u00e3o do Portal Cariri em A\u00e7\u00e3o pelo WhatsApp (83) 9 9634.5791, (83) 9 9601-1162.<\/p>\n<\/div>\n","protected":false},"excerpt":{"rendered":"<p>O pr\u00e9-candidato ao Governo do Estado pelo PSB, Jo\u00e3o Azev\u00eado, usou as redes sociais para comentar a crise envolvendo o aumento no pre\u00e7o dos combust\u00edveis&hellip; <\/p>\n","protected":false},"author":2,"featured_media":50754,"comment_status":"closed","ping_status":"closed","sticky":false,"template":"","format":"standard","meta":{"sfsi_plus_gutenberg_text_before_share":"","sfsi_plus_gutenberg_show_text_before_share":"","sfsi_plus_gutenberg_icon_type":"","sfsi_plus_gutenberg_icon_alignemt":"","sfsi_plus_gutenburg_max_per_row":"","footnotes":""},"categories":[11],"tags":[],"class_list":["post-52284","post","type-post","status-publish","format-standard","has-post-thumbnail","hentry","category-politica"],"_links":{"self":[{"href":"https:\/\/www.caririemacao.com\/1\/wp-json\/wp\/v2\/posts\/52284","targetHints":{"allow":["GET"]}}],"collection":[{"href":"https:\/\/www.caririemacao.com\/1\/wp-json\/wp\/v2\/posts"}],"about":[{"href":"https:\/\/www.caririemacao.com\/1\/wp-json\/wp\/v2\/types\/post"}],"author":[{"embeddable":true,"href":"https:\/\/www.caririemacao.com\/1\/wp-json\/wp\/v2\/users\/2"}],"replies":[{"embeddable":true,"href":"https:\/\/www.caririemacao.com\/1\/wp-json\/wp\/v2\/comments?post=52284"}],"version-history":[{"count":0,"href":"https:\/\/www.caririemacao.com\/1\/wp-json\/wp\/v2\/posts\/52284\/revisions"}],"wp:featuredmedia":[{"embeddable":true,"href":"https:\/\/www.caririemacao.com\/1\/wp-json\/wp\/v2\/media\/50754"}],"wp:attachment":[{"href":"https:\/\/www.caririemacao.com\/1\/wp-json\/wp\/v2\/media?parent=52284"}],"wp:term":[{"taxonomy":"category","embeddable":true,"href":"https:\/\/www.caririemacao.com\/1\/wp-json\/wp\/v2\/categories?post=52284"},{"taxonomy":"post_tag","embeddable":true,"href":"https:\/\/www.caririemacao.com\/1\/wp-json\/wp\/v2\/tags?post=52284"}],"curies":[{"name":"wp","href":"https:\/\/api.w.org\/{rel}","templated":true}]}}