{"id":52290,"date":"2018-05-25T22:57:05","date_gmt":"2018-05-26T01:57:05","guid":{"rendered":"http:\/\/caririemacao.com\/1\/?p=52290"},"modified":"2018-05-25T22:57:05","modified_gmt":"2018-05-26T01:57:05","slug":"governador-critica-parlamentares-que-tentam-culpar-o-estado-para-proteger-temer","status":"publish","type":"post","link":"https:\/\/www.caririemacao.com\/1\/2018\/05\/25\/governador-critica-parlamentares-que-tentam-culpar-o-estado-para-proteger-temer\/","title":{"rendered":"Governador critica parlamentares que \u201ctentam culpar o Estado para proteger Temer\u201d"},"content":{"rendered":"<p>O governador Ricardo Coutinho (PSB) comentou sobre a crise dos combust\u00edveis e citou que o governo Federal quer responsabilizar os Estados pelo aumento no pre\u00e7o da gasolina.<\/p>\n<p>Ele destacou que alguns deputados se aproveitaram de um momento de consterna\u00e7\u00e3o popular para tentar colocar a culpa no governo do Estado e proteger o governo Federal.<\/p>\n<p>\u2013 O governo tenta colocar no colo dos Estados, que n\u00e3o aumentou o ICMS, a responsabilidade pelo aumento da gasolina. Aposentaram a Petrobras para comprar l\u00e1 fora com pre\u00e7o em d\u00f3lar. O pre\u00e7o estourou e isso foi feito porque os interesses das grandes petrol\u00edferas internacionais est\u00e3o prevalecendo \u2013 disse.<\/p>\n<p><strong>CARIRI EM A\u00c7\u00c3O<\/strong><\/p>\n<p>Com Arapuan FM. \/Fto: Reprodu\u00e7\u00e3o Internet<\/p>\n<p>Leia mais not\u00edcias em\u00a0<a href=\"http:\/\/www.caririemacao.com\/\">caririemacao.com<\/a>, siga nossa p\u00e1gina no\u00a0<a href=\"https:\/\/www.facebook.com\/CaririEmAcao\/?ref=aymt_homepage_panel\">Facebook<\/a>,\u00a0<a href=\"https:\/\/www.instagram.com\/cariri_em_acao\/?hl=pt-br\">Instagram<\/a>\u00a0e\u00a0<a href=\"https:\/\/www.youtube.com\/channel\/UCAptA0jQuYQy8vMhLt2m4qg\">Youtube<\/a>\u00a0e veja nossas mat\u00e9rias, v\u00eddeos e fotos. Voc\u00ea tamb\u00e9m pode enviar informa\u00e7\u00f5es \u00e0 Reda\u00e7\u00e3o do Portal Cariri em A\u00e7\u00e3o pelo WhatsApp (83) 9 9634.5791, (83) 9 9601-1162.<\/p>\n","protected":false},"excerpt":{"rendered":"<p>O governador Ricardo Coutinho (PSB) comentou sobre a crise dos combust\u00edveis e citou que o governo Federal quer responsabilizar os Estados pelo aumento no pre\u00e7o&hellip; <\/p>\n","protected":false},"author":2,"featured_media":52291,"comment_status":"closed","ping_status":"closed","sticky":false,"template":"","format":"standard","meta":{"sfsi_plus_gutenberg_text_before_share":"","sfsi_plus_gutenberg_show_text_before_share":"","sfsi_plus_gutenberg_icon_type":"","sfsi_plus_gutenberg_icon_alignemt":"","sfsi_plus_gutenburg_max_per_row":"","footnotes":""},"categories":[11],"tags":[],"class_list":["post-52290","post","type-post","status-publish","format-standard","has-post-thumbnail","hentry","category-politica"],"_links":{"self":[{"href":"https:\/\/www.caririemacao.com\/1\/wp-json\/wp\/v2\/posts\/52290","targetHints":{"allow":["GET"]}}],"collection":[{"href":"https:\/\/www.caririemacao.com\/1\/wp-json\/wp\/v2\/posts"}],"about":[{"href":"https:\/\/www.caririemacao.com\/1\/wp-json\/wp\/v2\/types\/post"}],"author":[{"embeddable":true,"href":"https:\/\/www.caririemacao.com\/1\/wp-json\/wp\/v2\/users\/2"}],"replies":[{"embeddable":true,"href":"https:\/\/www.caririemacao.com\/1\/wp-json\/wp\/v2\/comments?post=52290"}],"version-history":[{"count":0,"href":"https:\/\/www.caririemacao.com\/1\/wp-json\/wp\/v2\/posts\/52290\/revisions"}],"wp:featuredmedia":[{"embeddable":true,"href":"https:\/\/www.caririemacao.com\/1\/wp-json\/wp\/v2\/media\/52291"}],"wp:attachment":[{"href":"https:\/\/www.caririemacao.com\/1\/wp-json\/wp\/v2\/media?parent=52290"}],"wp:term":[{"taxonomy":"category","embeddable":true,"href":"https:\/\/www.caririemacao.com\/1\/wp-json\/wp\/v2\/categories?post=52290"},{"taxonomy":"post_tag","embeddable":true,"href":"https:\/\/www.caririemacao.com\/1\/wp-json\/wp\/v2\/tags?post=52290"}],"curies":[{"name":"wp","href":"https:\/\/api.w.org\/{rel}","templated":true}]}}