{"id":52295,"date":"2018-05-25T23:01:41","date_gmt":"2018-05-26T02:01:41","guid":{"rendered":"http:\/\/caririemacao.com\/1\/?p=52295"},"modified":"2018-05-25T23:01:41","modified_gmt":"2018-05-26T02:01:41","slug":"selecao-brasileira-faz-primeiro-treino-coletivo-na-granja-comary","status":"publish","type":"post","link":"https:\/\/www.caririemacao.com\/1\/2018\/05\/25\/selecao-brasileira-faz-primeiro-treino-coletivo-na-granja-comary\/","title":{"rendered":"Sele\u00e7\u00e3o brasileira faz primeiro treino coletivo na Granja Comary"},"content":{"rendered":"<p>A Sele\u00e7\u00e3o Brasileira fez, na tarde desta quinta-feira (24), o primeiro coletivo com todos os jogadores liberados pelo departamento m\u00e9dico na Granja Comary. S\u00f3 ficaram de fora Douglas Costa e F\u00e1gner. Tite colocou em campo 18 jogadores, divididos em dois times, complementados com as presen\u00e7as de atletas da base.<\/p>\n<p>Um dos times contou com Miranda, Danilo, Marquinhos, Filipe Lu\u00eds, Fernandinho, Fred, Willian, Neymar e Gabriel Jesus. O outro foi formado por Thiago Silva, Geromel, Renato Augusto, Paulinho, Taison, Philippe Coutinho e tr\u00eas da base, al\u00e9m dos tr\u00eas goleiros que se revezaram no gol \u00fanico do treino de ataque contra defesa.<\/p>\n<p>Os jogadores primeiro fizeram um aquecimento, na brincadeira conhecida como bobinho, e depois disputaram bola, em um jogo de ataque contra defesa, sempre sob os olhares de Tite, Cl\u00e9ber Xavier, seu auxiliar t\u00e9cnico, e Fernando L\u00e1zaro, analista de desempenho.<\/p>\n<p>Um dos destaques foi Neymar, que treinou forte e correu muito, demonstrando que est\u00e1 chegando \u00e0 sua forma f\u00edsica ideal, ap\u00f3s os tr\u00eas meses parados por causa de uma les\u00e3o.<\/p>\n<p>Enquanto o grupo disputava a bola, Taffarel e o preparador de goleiros Rog\u00e9rio Maia ficaram em um dos lados do campo fazendo o treino individual com Alisson, Ederson e C\u00e1ssio. Uma pequena torcida, formada por estudantes, convidados e parentes dos jogadores, teve o privil\u00e9gio de ver o treino de perto.<\/p>\n<p>Visita de Zagallo<br \/>\nO tetracampe\u00e3o do mundo M\u00e1rio Jorge Lobo Zagallo acompanhou o treino no local destinado ao banco de reservas. Ele permaneceu todo o treino ao lado do presidente eleito da Confedera\u00e7\u00e3o Brasileira de Futebol (CBF), Rog\u00e9rio Caboclo. Zagallo se encontrou com todo o grupo mais cedo, cumprimentou os jogadores e ganhou de Tite uma camisa da sele\u00e7\u00e3o, com o seu nome e o n\u00famero 13.<\/p>\n<p>Entrevista coletiva<br \/>\nAp\u00f3s o treino, coube ao volante Fred participar da coletiva di\u00e1ria. Ele disse que os jogadores do grupo t\u00eam muita experi\u00eancia no futebol internacional, muitos deles com importantes conquistas no futebol europeu, mas que o objetivo de todos \u00e9 conquistar a Copa, pois tem um significado especial.<\/p>\n<p>\u201cA gente joga grandes campeonatos na Europa. Mas a Copa \u00e9 um \u00e1pice, \u00e9 uma honra representarmos o nosso pa\u00eds. A gente quer voltar com o t\u00edtulo e n\u00f3s vamos dar o nosso melhor para que isso possa acontecer\u201d, disse Fred, que jogava no Shakhtar Donetsk, da Ucr\u00e2nia, quando foi convocado por Tite, mas que pode se transferir para outro clube europeu.<\/p>\n<p><strong>CARIRI EM A\u00c7\u00c3O<\/strong><\/p>\n<p>Com Ag\u00eancia Brasil \/Foto: Reprodu\u00e7\u00e3o Internet<\/p>\n<p>Leia mais not\u00edcias em\u00a0<a href=\"http:\/\/www.caririemacao.com\/\">caririemacao.com<\/a>, siga nossa p\u00e1gina no\u00a0<a href=\"https:\/\/www.facebook.com\/CaririEmAcao\/?ref=aymt_homepage_panel\">Facebook<\/a>,\u00a0<a href=\"https:\/\/www.instagram.com\/cariri_em_acao\/?hl=pt-br\">Instagram<\/a>\u00a0e\u00a0<a href=\"https:\/\/www.youtube.com\/channel\/UCAptA0jQuYQy8vMhLt2m4qg\">Youtube<\/a>\u00a0e veja nossas mat\u00e9rias, v\u00eddeos e fotos. Voc\u00ea tamb\u00e9m pode enviar informa\u00e7\u00f5es \u00e0 Reda\u00e7\u00e3o do Portal Cariri em A\u00e7\u00e3o pelo WhatsApp (83) 9 9634.5791, (83) 9 9601-1162.<\/p>\n","protected":false},"excerpt":{"rendered":"<p>A Sele\u00e7\u00e3o Brasileira fez, na tarde desta quinta-feira (24), o primeiro coletivo com todos os jogadores liberados pelo departamento m\u00e9dico na Granja Comary. S\u00f3 ficaram&hellip; <\/p>\n","protected":false},"author":2,"featured_media":52296,"comment_status":"closed","ping_status":"closed","sticky":false,"template":"","format":"standard","meta":{"sfsi_plus_gutenberg_text_before_share":"","sfsi_plus_gutenberg_show_text_before_share":"","sfsi_plus_gutenberg_icon_type":"","sfsi_plus_gutenberg_icon_alignemt":"","sfsi_plus_gutenburg_max_per_row":"","footnotes":""},"categories":[13],"tags":[],"class_list":["post-52295","post","type-post","status-publish","format-standard","has-post-thumbnail","hentry","category-esportes"],"_links":{"self":[{"href":"https:\/\/www.caririemacao.com\/1\/wp-json\/wp\/v2\/posts\/52295","targetHints":{"allow":["GET"]}}],"collection":[{"href":"https:\/\/www.caririemacao.com\/1\/wp-json\/wp\/v2\/posts"}],"about":[{"href":"https:\/\/www.caririemacao.com\/1\/wp-json\/wp\/v2\/types\/post"}],"author":[{"embeddable":true,"href":"https:\/\/www.caririemacao.com\/1\/wp-json\/wp\/v2\/users\/2"}],"replies":[{"embeddable":true,"href":"https:\/\/www.caririemacao.com\/1\/wp-json\/wp\/v2\/comments?post=52295"}],"version-history":[{"count":0,"href":"https:\/\/www.caririemacao.com\/1\/wp-json\/wp\/v2\/posts\/52295\/revisions"}],"wp:featuredmedia":[{"embeddable":true,"href":"https:\/\/www.caririemacao.com\/1\/wp-json\/wp\/v2\/media\/52296"}],"wp:attachment":[{"href":"https:\/\/www.caririemacao.com\/1\/wp-json\/wp\/v2\/media?parent=52295"}],"wp:term":[{"taxonomy":"category","embeddable":true,"href":"https:\/\/www.caririemacao.com\/1\/wp-json\/wp\/v2\/categories?post=52295"},{"taxonomy":"post_tag","embeddable":true,"href":"https:\/\/www.caririemacao.com\/1\/wp-json\/wp\/v2\/tags?post=52295"}],"curies":[{"name":"wp","href":"https:\/\/api.w.org\/{rel}","templated":true}]}}