{"id":52298,"date":"2018-05-25T23:04:22","date_gmt":"2018-05-26T02:04:22","guid":{"rendered":"http:\/\/caririemacao.com\/1\/?p=52298"},"modified":"2018-05-25T23:04:22","modified_gmt":"2018-05-26T02:04:22","slug":"saude-emite-nota-informativa-para-municipios-sobre-esporotricose","status":"publish","type":"post","link":"https:\/\/www.caririemacao.com\/1\/2018\/05\/25\/saude-emite-nota-informativa-para-municipios-sobre-esporotricose\/","title":{"rendered":"Sa\u00fade emite nota informativa para munic\u00edpios sobre esporotricose"},"content":{"rendered":"<p>A\u00a0Secretaria de Estado da Sa\u00fade (SES), por meio da Ger\u00eancia Executiva de Vigil\u00e2ncia em Sa\u00fade, emitiu uma nota informativa com orienta\u00e7\u00f5es sobre a esporotricose,\u00a0uma micose subcut\u00e2nea causada pelo fungo Sporothrix schenckii que pode atacar humanos e animais, cujos casos v\u00eam registrando acr\u00e9scimo.<\/p>\n<p>\u201cApesar de n\u00e3o ser de notifica\u00e7\u00e3o obrigat\u00f3ria, sabemos do aumento desta doen\u00e7a em todo pa\u00eds com os colegas veterin\u00e1rios, ONGs paraibanas e tamb\u00e9m pela pr\u00f3pria popula\u00e7\u00e3o\u201d, disse o chefe do N\u00facleo de Controle de Zoonoses da SES, Francisco de Assis Azevedo.<\/p>\n<p>O m\u00e9dico veterin\u00e1rio explicou que, como o fungo est\u00e1 constantemente em ambientes abertos, principalmente no solo, a esporotricose pode ser transmitida por meio de ferimentos j\u00e1 abertos que tenham contato com algum material contaminado. Outra forma pelo contato com animais contaminados, gatos em sua maioria.<\/p>\n<p>\u201cA maioria da transmiss\u00e3o tem sido associada a gatos infectados. N\u00e3o h\u00e1 relatos de transmiss\u00e3o de homem para homem e de cachorro para homem. A maioria dos relatos \u00e9 de transmiss\u00e3o de gato para homem e de gato para o cachorro. Por isso, o gato \u00e9 a maior v\u00edtima da doen\u00e7a e n\u00e3o o vil\u00e3o\u201d, explicou Assis.<\/p>\n<p>Nos felinos os sinais mais comuns s\u00e3o les\u00f5es ulceradas na pele, profundas, que n\u00e3o cicatrizam e costumam evoluir rapidamente. As les\u00f5es s\u00e3o mais comuns na cabe\u00e7a, cauda e patas. Os casos suspeitos dever\u00e3o ser avaliados pelos servi\u00e7os de Vigil\u00e2ncia Ambiental\/Zoonoses dos munic\u00edpios.<\/p>\n<p>Entre as medidas de preven\u00e7\u00e3o est\u00e3o usar luvas para manipular os animais doentes; limpar o ambiente com \u00e1gua sanit\u00e1ria; durante o tratamento, o animal doente dever\u00e1 transmitir a doen\u00e7a ao propriet\u00e1rio; cremar os animais mortos; n\u00e3o fazer curativos e nem dar banho em animais doentes e castrar gatos e gatas saud\u00e1veis pra diminuir as sa\u00eddas \u00e0s ruas e a possibilidade de transmiss\u00e3o da doen\u00e7a.<\/p>\n<p>De acordo com a nota, a SES orienta que \u00e9 facultado aos servi\u00e7os de Vigil\u00e2ncia Ambiental\/Zoonoses dos munic\u00edpios realizarem procedimentos necess\u00e1rios de acordo com a severidade dos casos, a exemplo de animais de rua com os exames laboratoriais positivos que apresentem riscos iminentes \u00e0 popula\u00e7\u00e3o; animais entregues, voluntariamente, pelos donos, por n\u00e3o ter condi\u00e7\u00f5es de dar continuidade ao tratamento e animais comunit\u00e1rios que estejam com a doen\u00e7a e que causem risco iminente a sa\u00fade p\u00fablica.<\/p>\n<p><strong>CARIRI EM A\u00c7\u00c3O<\/strong><\/p>\n<p>Com Secom\/Foto: Reprodu\u00e7\u00e3o Internet<\/p>\n<p>Leia mais not\u00edcias em\u00a0<a href=\"http:\/\/www.caririemacao.com\/\">caririemacao.com<\/a>, siga nossa p\u00e1gina no\u00a0<a href=\"https:\/\/www.facebook.com\/CaririEmAcao\/?ref=aymt_homepage_panel\">Facebook<\/a>,\u00a0<a href=\"https:\/\/www.instagram.com\/cariri_em_acao\/?hl=pt-br\">Instagram<\/a>\u00a0e\u00a0<a href=\"https:\/\/www.youtube.com\/channel\/UCAptA0jQuYQy8vMhLt2m4qg\">Youtube<\/a>\u00a0e veja nossas mat\u00e9rias, v\u00eddeos e fotos. Voc\u00ea tamb\u00e9m pode enviar informa\u00e7\u00f5es \u00e0 Reda\u00e7\u00e3o do Portal Cariri em A\u00e7\u00e3o pelo WhatsApp (83) 9 9634.5791, (83) 9 9601-1162.<\/p>\n","protected":false},"excerpt":{"rendered":"<p>A\u00a0Secretaria de Estado da Sa\u00fade (SES), por meio da Ger\u00eancia Executiva de Vigil\u00e2ncia em Sa\u00fade, emitiu uma nota informativa com orienta\u00e7\u00f5es sobre a esporotricose,\u00a0uma micose&hellip; <\/p>\n","protected":false},"author":2,"featured_media":52299,"comment_status":"closed","ping_status":"closed","sticky":false,"template":"","format":"standard","meta":{"sfsi_plus_gutenberg_text_before_share":"","sfsi_plus_gutenberg_show_text_before_share":"","sfsi_plus_gutenberg_icon_type":"","sfsi_plus_gutenberg_icon_alignemt":"","sfsi_plus_gutenburg_max_per_row":"","footnotes":""},"categories":[16],"tags":[],"class_list":["post-52298","post","type-post","status-publish","format-standard","has-post-thumbnail","hentry","category-saude"],"_links":{"self":[{"href":"https:\/\/www.caririemacao.com\/1\/wp-json\/wp\/v2\/posts\/52298","targetHints":{"allow":["GET"]}}],"collection":[{"href":"https:\/\/www.caririemacao.com\/1\/wp-json\/wp\/v2\/posts"}],"about":[{"href":"https:\/\/www.caririemacao.com\/1\/wp-json\/wp\/v2\/types\/post"}],"author":[{"embeddable":true,"href":"https:\/\/www.caririemacao.com\/1\/wp-json\/wp\/v2\/users\/2"}],"replies":[{"embeddable":true,"href":"https:\/\/www.caririemacao.com\/1\/wp-json\/wp\/v2\/comments?post=52298"}],"version-history":[{"count":0,"href":"https:\/\/www.caririemacao.com\/1\/wp-json\/wp\/v2\/posts\/52298\/revisions"}],"wp:featuredmedia":[{"embeddable":true,"href":"https:\/\/www.caririemacao.com\/1\/wp-json\/wp\/v2\/media\/52299"}],"wp:attachment":[{"href":"https:\/\/www.caririemacao.com\/1\/wp-json\/wp\/v2\/media?parent=52298"}],"wp:term":[{"taxonomy":"category","embeddable":true,"href":"https:\/\/www.caririemacao.com\/1\/wp-json\/wp\/v2\/categories?post=52298"},{"taxonomy":"post_tag","embeddable":true,"href":"https:\/\/www.caririemacao.com\/1\/wp-json\/wp\/v2\/tags?post=52298"}],"curies":[{"name":"wp","href":"https:\/\/api.w.org\/{rel}","templated":true}]}}