{"id":52301,"date":"2018-05-25T23:06:51","date_gmt":"2018-05-26T02:06:51","guid":{"rendered":"http:\/\/caririemacao.com\/1\/?p=52301"},"modified":"2018-05-25T23:06:51","modified_gmt":"2018-05-26T02:06:51","slug":"assessor-do-exercito-afirma-que-batalhoes-da-paraiba-irao-cumprir-ordem-de-encerrar-greve-de-caminhoneiros","status":"publish","type":"post","link":"https:\/\/www.caririemacao.com\/1\/2018\/05\/25\/assessor-do-exercito-afirma-que-batalhoes-da-paraiba-irao-cumprir-ordem-de-encerrar-greve-de-caminhoneiros\/","title":{"rendered":"Assessor do Ex\u00e9rcito afirma que batalh\u00f5es da Para\u00edba ir\u00e3o cumprir ordem de encerrar greve de caminhoneiros"},"content":{"rendered":"<p>Os batalh\u00f5es do Ex\u00e9rcito devem agir ainda nesta sexta-feira (25) para encerrar a\u00a0greve dos caminhoneiros\u00a0no estado. A informa\u00e7\u00e3o foi confirmada\u00a0 pelo major Rafael Farias, assessor do Ex\u00e9rcito na\u00a0Para\u00edba. Apenas a chegada da determina\u00e7\u00e3o retarda a a\u00e7\u00e3o.<\/p>\n<p>Segundo o major, at\u00e9 as 14h n\u00e3o havia chegado documentos determinando a a\u00e7\u00e3o das\u00a0For\u00e7as Armadas\u00a0nas rodovias do estado. Por\u00e9m, ele garantiu que o Ex\u00e9rcito ir\u00e1 cumprir a determina\u00e7\u00e3o na \u00edntegra.<\/p>\n<p>\u201cAinda n\u00e3o recebemos a documenta\u00e7\u00e3o [autorizando a a\u00e7\u00e3o]. Iremos atender as demandas que forem solicitadas pelo\u00a0governo Federal\u201d, informou o major.<\/p>\n<p>Questionado sobre a possibilidade de um confronto ou a\u00e7\u00e3o mais truculenta por parte do Ex\u00e9rcito, o major informou que tudo depender\u00e1 de como as\u00a0For\u00e7as Armadas\u00a0ser\u00e3o recebidas. \u201cIsso tudo depende do cen\u00e1rio da conjuntura que encontrarmos no local\u201d, disse.<\/p>\n<p>O post\u00a0Ex\u00e9rcito aguarda ordem para acabar greve de caminhoneiros na PB\u00a0apareceu primeiro em\u00a0Portal Correio.<\/p>\n<p><strong>CARIRI EM A\u00c7\u00c3O<\/strong><\/p>\n<p>Com\u00a0Portal Correio \/Foto: Reprodu\u00e7\u00e3o Internet<\/p>\n<p>Leia mais not\u00edcias em\u00a0<a href=\"http:\/\/www.caririemacao.com\/\">caririemacao.com<\/a>, siga nossa p\u00e1gina no\u00a0<a href=\"https:\/\/www.facebook.com\/CaririEmAcao\/?ref=aymt_homepage_panel\">Facebook<\/a>,\u00a0<a href=\"https:\/\/www.instagram.com\/cariri_em_acao\/?hl=pt-br\">Instagram<\/a>\u00a0e\u00a0<a href=\"https:\/\/www.youtube.com\/channel\/UCAptA0jQuYQy8vMhLt2m4qg\">Youtube<\/a>\u00a0e veja nossas mat\u00e9rias, v\u00eddeos e fotos. Voc\u00ea tamb\u00e9m pode enviar informa\u00e7\u00f5es \u00e0 Reda\u00e7\u00e3o do Portal Cariri em A\u00e7\u00e3o pelo WhatsApp (83) 9 9634.5791, (83) 9 9601-1162.<\/p>\n","protected":false},"excerpt":{"rendered":"<p>Os batalh\u00f5es do Ex\u00e9rcito devem agir ainda nesta sexta-feira (25) para encerrar a\u00a0greve dos caminhoneiros\u00a0no estado. A informa\u00e7\u00e3o foi confirmada\u00a0 pelo major Rafael Farias, assessor&hellip; <\/p>\n","protected":false},"author":2,"featured_media":52302,"comment_status":"closed","ping_status":"closed","sticky":false,"template":"","format":"standard","meta":{"sfsi_plus_gutenberg_text_before_share":"","sfsi_plus_gutenberg_show_text_before_share":"","sfsi_plus_gutenberg_icon_type":"","sfsi_plus_gutenberg_icon_alignemt":"","sfsi_plus_gutenburg_max_per_row":"","footnotes":""},"categories":[12],"tags":[],"class_list":["post-52301","post","type-post","status-publish","format-standard","has-post-thumbnail","hentry","category-policia"],"_links":{"self":[{"href":"https:\/\/www.caririemacao.com\/1\/wp-json\/wp\/v2\/posts\/52301","targetHints":{"allow":["GET"]}}],"collection":[{"href":"https:\/\/www.caririemacao.com\/1\/wp-json\/wp\/v2\/posts"}],"about":[{"href":"https:\/\/www.caririemacao.com\/1\/wp-json\/wp\/v2\/types\/post"}],"author":[{"embeddable":true,"href":"https:\/\/www.caririemacao.com\/1\/wp-json\/wp\/v2\/users\/2"}],"replies":[{"embeddable":true,"href":"https:\/\/www.caririemacao.com\/1\/wp-json\/wp\/v2\/comments?post=52301"}],"version-history":[{"count":0,"href":"https:\/\/www.caririemacao.com\/1\/wp-json\/wp\/v2\/posts\/52301\/revisions"}],"wp:featuredmedia":[{"embeddable":true,"href":"https:\/\/www.caririemacao.com\/1\/wp-json\/wp\/v2\/media\/52302"}],"wp:attachment":[{"href":"https:\/\/www.caririemacao.com\/1\/wp-json\/wp\/v2\/media?parent=52301"}],"wp:term":[{"taxonomy":"category","embeddable":true,"href":"https:\/\/www.caririemacao.com\/1\/wp-json\/wp\/v2\/categories?post=52301"},{"taxonomy":"post_tag","embeddable":true,"href":"https:\/\/www.caririemacao.com\/1\/wp-json\/wp\/v2\/tags?post=52301"}],"curies":[{"name":"wp","href":"https:\/\/api.w.org\/{rel}","templated":true}]}}