{"id":52304,"date":"2018-05-25T23:12:55","date_gmt":"2018-05-26T02:12:55","guid":{"rendered":"http:\/\/caririemacao.com\/1\/?p=52304"},"modified":"2018-05-25T23:12:55","modified_gmt":"2018-05-26T02:12:55","slug":"jungmann-diz-que-45-das-vias-bloqueadas-pelas-manifestacoes-foram-liberadas","status":"publish","type":"post","link":"https:\/\/www.caririemacao.com\/1\/2018\/05\/25\/jungmann-diz-que-45-das-vias-bloqueadas-pelas-manifestacoes-foram-liberadas\/","title":{"rendered":"Jungmann diz que 45% das vias bloqueadas pelas manifesta\u00e7\u00f5es foram liberadas"},"content":{"rendered":"<p class=\" \">Em nova entrevista sobre a greve na tarde desta sexta-feira (25), o ministro da Seguran\u00e7a P\u00fablica, Raul Jungmann, afirmou que dos 933 pontos interditados por caminhoneiros em rodovias federais de\u00a0todo o pa\u00eds, 419 foram liberados at\u00e9 esta tarde.<\/p>\n<p>Mesmo com a redu\u00e7\u00e3o de quase 45% das vias bloqueadas em raz\u00e3o dos protestos de\u00a0caminhoneiros\u00a0, ainda restam 519 interdi\u00e7\u00f5es, sendo nenhuma total, ou seja,\u00a0h\u00e1 passagem para carros liberada em algumas faixas, de acordo com o ministro.<\/p>\n<p>&#8220;As obstru\u00e7\u00f5es que continuam, todas elas s\u00e3o parciais, o que aponta para a ades\u00e3o crescente dos senhores caminhoneiros ao acordo que foi fechado no Pal\u00e1cio do Planalto&#8221;, declarou Jungmann.<\/p>\n<p>Em seu quinto dia de manifesta\u00e7\u00e3o, as paralisa\u00e7\u00f5es continuam, mesmo ap\u00f3s a reuni\u00e3o entre o governo e representantes de entidades de caminhoneiros terem chegado a uma proposta de acordo para suspender os protestos por 15 dias.<\/p>\n<p>Al\u00e9m de Jungmann, outros ministros que integram o grupo de trabalho formado para acompanhar a crise em raz\u00e3o do movimento dos caminhoneiros participaram da entrevista coletiva no Pal\u00e1cio do Planalto.<\/p>\n<p>Eliseu Padilha, da Casa Civil, Carlos Marun, da Secretaria de Governo, S\u00e9rgio Etchegoyen, do Gabinete de Seguran\u00e7a Institucional, \u00a0e Joaquim Luna, da Defesa estavam presentes e tamb\u00e9m responderam \u00e0s perguntas.<\/p>\n<p><strong>Locaute<\/strong><\/p>\n<p>O ministro da Seguran\u00e7a declarou que a Pol\u00edcia Federal abriu inqu\u00e9rito e deve ouvir 20 empres\u00e1rios de transportadoras para investigar se houve\u00a0<strong>locaute<\/strong>\u00a0&#8211; quando patr\u00f5es, distribuidoras, transportadoras e grandes empresas t\u00eam participa\u00e7\u00e3o no movimento para ampliar suas margens de lucro -, o que \u00e9 ilegal e pun\u00edvel com pris\u00e3o e multa.<\/p>\n<p>&#8220;Greve \u00e9 direito constitucional; locaute \u00e9 ilegalidade&#8221;, definiu. &#8220;N\u00f3s vamos ver quem est\u00e1 tirando proveito das reivindica\u00e7\u00f5es de trabalhadores. Se h\u00e1 patr\u00f5es explorando os trabalhadores e o sofrimento da popula\u00e7\u00e3o&#8221;, completou Jungmann. O ministro disse que se o locaute for comprovado, os infratores ser\u00e3o enquadrados em sete tipos de crimes.<\/p>\n<p>O ministro do Gabinete de Seguran\u00e7a Institucional (GSI), S\u00e9rgio Etchegoyen, disse que as for\u00e7as federais j\u00e1 est\u00e3o atuando para normalizar a distribui\u00e7\u00e3o de produtos no pa\u00eds. Segundo ele, uma das refinarias da Petrobras no Rio de Janeiro, j\u00e1 reiniciou a distribui\u00e7\u00e3o de combust\u00edvel no estado.<\/p>\n<p>\u201cA refinaria Duque de Caxias j\u00e1 normalizou quase na integralidade, o que vai limpando o horizonte para n\u00f3s. Haver\u00e1 o tempo necess\u00e1rio para reposi\u00e7\u00e3o de estoques, mas reinicia o abastecimento\u201d, disse. O ministro-chefe da Casa Civil, Eliseu Padilha, afirmou que muitos caminhoneiros est\u00e3o respeitando o acordo firmado ontem com o governo federal.<\/p>\n<p>De acordo com o ministro Padilha, informa\u00e7\u00f5es da Pol\u00edcia Rodovi\u00e1ria Federal e do GSI mant\u00e9m a c\u00fapula do governo informada.<\/p>\n<p>\u201cO acordo est\u00e1 sendo observado por muitos. Temos monitoramento minuto a minuto. Postos da Pol\u00edcia Rodovi\u00e1ria Federal municiam com informa\u00e7\u00f5es e o Gabinete de Seguran\u00e7a Institucional vai acompanhando minuto a minuto o que vai acontecendo\u201d. Segundo ele, uma \u201cminoria barulhenta\u201d tem atrapalhado o processo de volta \u00e0 normalidade nas estradas.<\/p>\n<p><strong>For\u00e7as Armadas<\/strong><\/p>\n<p>O governo informou ainda que vai acionar as for\u00e7as de seguran\u00e7a federais para liberar as estradas e as For\u00e7as Armadas ser\u00e3o utilizadas para garantir o abastecimento da popula\u00e7\u00e3o.<\/p>\n<p>De acordo com o Jungmman, o presidente Michel Temer dever\u00e1 editar um decreto para permitir a requisi\u00e7\u00e3o de bens, prevista na Constitui\u00e7\u00e3o, para que alimentos, combust\u00edveis, medicamentos e insumos cheguem aos estados.<\/p>\n<p>Ele acrescentou que os militares t\u00eam o respaldo legal para assumir a dire\u00e7\u00e3o dos caminh\u00f5es dos grevistas, se assim necess\u00e1rio. \u201cO artigo 5, inciso 25 da Constitui\u00e7\u00e3o Federal permite a requisi\u00e7\u00e3o de bens, caso se fa\u00e7a necess\u00e1rio, em condi\u00e7\u00f5es de pilotar ve\u00edculo para que o desabastecimento seja contido e voltemos a ter distribui\u00e7\u00e3o regular\u201d.<\/p>\n<p><strong>CARIRI EM A\u00c7\u00c3O<\/strong><\/p>\n<p>Com Ultimo Segundo\u00a0 \/Foto: Reprodu\u00e7\u00e3o Internet<\/p>\n<p>Leia mais not\u00edcias em\u00a0<a href=\"http:\/\/www.caririemacao.com\/\">caririemacao.com<\/a>, siga nossa p\u00e1gina no\u00a0<a href=\"https:\/\/www.facebook.com\/CaririEmAcao\/?ref=aymt_homepage_panel\">Facebook<\/a>,\u00a0<a href=\"https:\/\/www.instagram.com\/cariri_em_acao\/?hl=pt-br\">Instagram<\/a>\u00a0e\u00a0<a href=\"https:\/\/www.youtube.com\/channel\/UCAptA0jQuYQy8vMhLt2m4qg\">Youtube<\/a>\u00a0e veja nossas mat\u00e9rias, v\u00eddeos e fotos. Voc\u00ea tamb\u00e9m pode enviar informa\u00e7\u00f5es \u00e0 Reda\u00e7\u00e3o do Portal Cariri em A\u00e7\u00e3o pelo WhatsApp (83) 9 9634.5791, (83) 9 9601-1162.<\/p>\n","protected":false},"excerpt":{"rendered":"<p>Em nova entrevista sobre a greve na tarde desta sexta-feira (25), o ministro da Seguran\u00e7a P\u00fablica, Raul Jungmann, afirmou que dos 933 pontos interditados por&hellip; <\/p>\n","protected":false},"author":2,"featured_media":49282,"comment_status":"closed","ping_status":"closed","sticky":false,"template":"","format":"standard","meta":{"sfsi_plus_gutenberg_text_before_share":"","sfsi_plus_gutenberg_show_text_before_share":"","sfsi_plus_gutenberg_icon_type":"","sfsi_plus_gutenberg_icon_alignemt":"","sfsi_plus_gutenburg_max_per_row":"","footnotes":""},"categories":[11],"tags":[],"class_list":["post-52304","post","type-post","status-publish","format-standard","has-post-thumbnail","hentry","category-politica"],"_links":{"self":[{"href":"https:\/\/www.caririemacao.com\/1\/wp-json\/wp\/v2\/posts\/52304","targetHints":{"allow":["GET"]}}],"collection":[{"href":"https:\/\/www.caririemacao.com\/1\/wp-json\/wp\/v2\/posts"}],"about":[{"href":"https:\/\/www.caririemacao.com\/1\/wp-json\/wp\/v2\/types\/post"}],"author":[{"embeddable":true,"href":"https:\/\/www.caririemacao.com\/1\/wp-json\/wp\/v2\/users\/2"}],"replies":[{"embeddable":true,"href":"https:\/\/www.caririemacao.com\/1\/wp-json\/wp\/v2\/comments?post=52304"}],"version-history":[{"count":0,"href":"https:\/\/www.caririemacao.com\/1\/wp-json\/wp\/v2\/posts\/52304\/revisions"}],"wp:featuredmedia":[{"embeddable":true,"href":"https:\/\/www.caririemacao.com\/1\/wp-json\/wp\/v2\/media\/49282"}],"wp:attachment":[{"href":"https:\/\/www.caririemacao.com\/1\/wp-json\/wp\/v2\/media?parent=52304"}],"wp:term":[{"taxonomy":"category","embeddable":true,"href":"https:\/\/www.caririemacao.com\/1\/wp-json\/wp\/v2\/categories?post=52304"},{"taxonomy":"post_tag","embeddable":true,"href":"https:\/\/www.caririemacao.com\/1\/wp-json\/wp\/v2\/tags?post=52304"}],"curies":[{"name":"wp","href":"https:\/\/api.w.org\/{rel}","templated":true}]}}