{"id":52313,"date":"2018-05-26T08:36:42","date_gmt":"2018-05-26T11:36:42","guid":{"rendered":"http:\/\/caririemacao.com\/1\/?p=52313"},"modified":"2018-05-26T08:36:42","modified_gmt":"2018-05-26T11:36:42","slug":"caminhoneiros-seguem-com-manifestacoes-em-rodovias-neste-sabado","status":"publish","type":"post","link":"https:\/\/www.caririemacao.com\/1\/2018\/05\/26\/caminhoneiros-seguem-com-manifestacoes-em-rodovias-neste-sabado\/","title":{"rendered":"Caminhoneiros seguem com manifesta\u00e7\u00f5es em rodovias neste s\u00e1bado"},"content":{"rendered":"<p>Caminhoneiros seguem com mobiliza\u00e7\u00f5es em rodovias de todo o Pa\u00eds neste s\u00e1bado, 26, no sexto dia de protestos. A Pol\u00edcia Rodovi\u00e1ria Federal (PRF) ainda n\u00e3o informou o n\u00famero de interdi\u00e7\u00f5es nesta manh\u00e3. Na sexta-feira, 25, o\u00a0presidente Michel Temer acionou as for\u00e7as de seguran\u00e7a nacionais para desbloquear rodovias.O decreto, publicado no Di\u00e1rio Oficial da Uni\u00e3o,\u00a0autoriza o emprego das For\u00e7as Armadas no contexto da Garantia da Lei e da Ordem (GLO) at\u00e9 o dia 4 de junho.<\/p>\n<p>Segundo a Ecovias, h\u00e1 manifesta\u00e7\u00e3o na rodovia Anchieta, nos dois sentidos, entre o km 22 e 24, em S\u00e3o Bernardo do Campo. O tr\u00e2nsito, por\u00e9m, est\u00e1 liberado para ve\u00edculos de passeio, motos, ambul\u00e2ncias e coletivos.<\/p>\n<p>Na rodovia Fern\u00e3o Dias, ocorre um protesto sem interdi\u00e7\u00e3o na altura do km 37, na regi\u00e3o de Atibaia.<\/p>\n<p>De acordo com a concession\u00e1ria Nova Dutra, os caminhoneiros tamb\u00e9m permanecem na rodovia Presidente Dutra nas regi\u00f5es de Santa Isabel, S\u00e3o Jos\u00e9 dos Campos, Jacare\u00ed, Ca\u00e7apava, Pindamonhangaba, Lorena, Barra Mansa e Pira\u00ed.<\/p>\n<p>Na R\u00e9gis Bittencourt, a manifesta\u00e7\u00e3o ocupa uma faixa e o acostamento, em ambos os sentidos, na altura do km 279, em Embu das Artes, e tamb\u00e9m na altura do km 385, em Miracatu, no sentido de Curitiba. Tamb\u00e9m h\u00e1 bloqueio no km 477, em Jacupiranga.<\/p>\n<p>No Rodoanel n\u00e3o h\u00e1 interdi\u00e7\u00f5es, mas a via tem lentid\u00e3o no trecho de Embu das Artes, em raz\u00e3o dos protestos na R\u00e9gis Bittencourt.<\/p>\n<p>De acordo com a Autoban, a rodovia Anhanguera permanece com bloqueio na regi\u00e3o de Limeira. A concession\u00e1ria orienta o motorista a utilizar a rodovia dos Bandeirantes.<\/p>\n<p>As rodovias Imigrantes, Raposo Tavares, Castelo Branco, Ayrton Senna e Bandeirantes seguem sem mobiliza\u00e7\u00f5es.<\/p>\n<p><strong>CARIRI EM A\u00c7\u00c3O<\/strong><\/p>\n<p>Com Estad\u00e3o \/Foto: Reprodu\u00e7\u00e3o Internet<\/p>\n<p>Leia mais not\u00edcias em\u00a0<a href=\"http:\/\/www.caririemacao.com\/\">caririemacao.com<\/a>, siga nossa p\u00e1gina no\u00a0<a href=\"https:\/\/www.facebook.com\/CaririEmAcao\/?ref=aymt_homepage_panel\">Facebook<\/a>,\u00a0<a href=\"https:\/\/www.instagram.com\/cariri_em_acao\/?hl=pt-br\">Instagram<\/a>\u00a0e <a href=\"https:\/\/www.youtube.com\/channel\/UCAptA0jQuYQy8vMhLt2m4qg\">Youtube<\/a>\u00a0e veja nossas mat\u00e9rias, v\u00eddeos e fotos. Voc\u00ea tamb\u00e9m pode enviar informa\u00e7\u00f5es \u00e0 Reda\u00e7\u00e3o do Portal Cariri em A\u00e7\u00e3o pelo WhatsApp (83) 9 9634.5791, (83) 9 9601-1162.<\/p>\n","protected":false},"excerpt":{"rendered":"<p>Caminhoneiros seguem com mobiliza\u00e7\u00f5es em rodovias de todo o Pa\u00eds neste s\u00e1bado, 26, no sexto dia de protestos. A Pol\u00edcia Rodovi\u00e1ria Federal (PRF) ainda n\u00e3o&hellip; <\/p>\n","protected":false},"author":2,"featured_media":52314,"comment_status":"closed","ping_status":"closed","sticky":false,"template":"","format":"standard","meta":{"sfsi_plus_gutenberg_text_before_share":"","sfsi_plus_gutenberg_show_text_before_share":"","sfsi_plus_gutenberg_icon_type":"","sfsi_plus_gutenberg_icon_alignemt":"","sfsi_plus_gutenburg_max_per_row":"","footnotes":""},"categories":[2],"tags":[],"class_list":["post-52313","post","type-post","status-publish","format-standard","has-post-thumbnail","hentry","category-geral"],"_links":{"self":[{"href":"https:\/\/www.caririemacao.com\/1\/wp-json\/wp\/v2\/posts\/52313","targetHints":{"allow":["GET"]}}],"collection":[{"href":"https:\/\/www.caririemacao.com\/1\/wp-json\/wp\/v2\/posts"}],"about":[{"href":"https:\/\/www.caririemacao.com\/1\/wp-json\/wp\/v2\/types\/post"}],"author":[{"embeddable":true,"href":"https:\/\/www.caririemacao.com\/1\/wp-json\/wp\/v2\/users\/2"}],"replies":[{"embeddable":true,"href":"https:\/\/www.caririemacao.com\/1\/wp-json\/wp\/v2\/comments?post=52313"}],"version-history":[{"count":0,"href":"https:\/\/www.caririemacao.com\/1\/wp-json\/wp\/v2\/posts\/52313\/revisions"}],"wp:featuredmedia":[{"embeddable":true,"href":"https:\/\/www.caririemacao.com\/1\/wp-json\/wp\/v2\/media\/52314"}],"wp:attachment":[{"href":"https:\/\/www.caririemacao.com\/1\/wp-json\/wp\/v2\/media?parent=52313"}],"wp:term":[{"taxonomy":"category","embeddable":true,"href":"https:\/\/www.caririemacao.com\/1\/wp-json\/wp\/v2\/categories?post=52313"},{"taxonomy":"post_tag","embeddable":true,"href":"https:\/\/www.caririemacao.com\/1\/wp-json\/wp\/v2\/tags?post=52313"}],"curies":[{"name":"wp","href":"https:\/\/api.w.org\/{rel}","templated":true}]}}