{"id":52317,"date":"2018-05-26T20:26:36","date_gmt":"2018-05-26T23:26:36","guid":{"rendered":"http:\/\/caririemacao.com\/1\/?p=52317"},"modified":"2018-05-26T20:26:36","modified_gmt":"2018-05-26T23:26:36","slug":"secretaria-do-turismo-de-caraubas-promove-a-festa-da-comunidade-do-monte-alegre","status":"publish","type":"post","link":"https:\/\/www.caririemacao.com\/1\/2018\/05\/26\/secretaria-do-turismo-de-caraubas-promove-a-festa-da-comunidade-do-monte-alegre\/","title":{"rendered":"Secretaria do turismo  de  Cara\u00fabas promove a festa da comunidade do Monte Alegre"},"content":{"rendered":"<div>A Prefeitura Municipal de Cara\u00fabas atrav\u00e9s da Secretaria do Turismo promover\u00e1 em parceria com a comunidade do Monte Alegre e a igreja cat\u00f3lica a tradicional festa de Nossa Senhora de F\u00e1tima, no pr\u00f3ximo s\u00e1bado, dia 26. A programa\u00e7\u00e3o religiosa teve inicio nesta quarta-feira com a realiza\u00e7\u00e3o das celebra\u00e7\u00f5es eucar\u00edsticas. De acordo com a Secret\u00e1ria Silvana Myllena, a exemplo da demais comunidades a Prefeitura atrav\u00e9s da SETur vem cumprindo com o calend\u00e1rio de eventos municipais apoiando e promovendo esse tipo de evento.<\/div>\n<div>\u00a0Diante da import\u00e2ncia desses eventos o prefeito Silvano Dudu determinou a Secretaria do Turismo que elabore um projeto de regionaliza\u00e7\u00e3o do turismo religioso local, haja vista, que cada comunidade disp\u00f5e de um padroeiro, algo que \u00e9 in\u00e9dito num local como o nosso munic\u00edpio. Vamos tentar dinamizar a realiza\u00e7\u00e3o desses eventos garantindo a tradi\u00e7\u00e3o cultural e religiosa dessas localidades, promovendo um grande interc\u00e2mbio entre todas elas culminando com a celebra\u00e7\u00e3o maior do padroeiro do munic\u00edpio, S\u00e3o Pedro.<\/div>\n<div>\u00a0O secret\u00e1rio adjunto do turismo, Valzinho, confirmou o in\u00edcio da montagem da infraestrutura para realiza\u00e7\u00e3o da festa na comunidade.<\/div>\n<div>A secretaria de Obras P\u00fablicas e Servi\u00e7os Urbanos ser\u00e1 respons\u00e1vel pela limpeza e montagem do local do evento. A SETur disponibilizar\u00e1 sistema de sonoriza\u00e7\u00e3o, palco, gerador, ilumina\u00e7\u00e3o e atra\u00e7\u00f5es art\u00edsticas. A secretaria da sa\u00fade disponibilizar\u00e1 viaturas\/ambul\u00e2ncia com profissionais que estar\u00e3o \u00e0 disposi\u00e7\u00e3o da popula\u00e7\u00e3o e dos que prestigiarem a festa.<\/div>\n<div>O prefeito Silvano Dudu, confirmou a participa\u00e7\u00e3o de Renatto Vilela no pr\u00f3ximo s\u00e1bado, dia 26\/04 \u00a0como a atra\u00e7\u00e3o art\u00edstica da festa que ter\u00e1 seu in\u00edcio programado para \u00e0s 22h.<\/div>\n<div>\n<p><strong>CARIRI EM A\u00c7\u00c3O<\/strong><\/p>\n<p>Com Sepla<em>scom<\/em>\u00a0\/Foto: Reprodu\u00e7\u00e3o Internet<\/p>\n<p>Leia mais not\u00edcias em\u00a0<a href=\"http:\/\/www.caririemacao.com\/\">caririemacao.com<\/a>, siga nossa p\u00e1gina no\u00a0<a href=\"https:\/\/www.facebook.com\/CaririEmAcao\/?ref=aymt_homepage_panel\">Facebook<\/a>,\u00a0<a href=\"https:\/\/www.instagram.com\/cariri_em_acao\/?hl=pt-br\">Instagram<\/a>\u00a0e\u00a0<a href=\"https:\/\/www.youtube.com\/channel\/UCAptA0jQuYQy8vMhLt2m4qg\">Youtube<\/a>\u00a0e veja nossas mat\u00e9rias, v\u00eddeos e fotos. Voc\u00ea tamb\u00e9m pode enviar informa\u00e7\u00f5es \u00e0 Reda\u00e7\u00e3o do Portal Cariri em A\u00e7\u00e3o pelo WhatsApp (83) 9 9634.5791, (83) 9 9601-1162.<\/p>\n<\/div>\n","protected":false},"excerpt":{"rendered":"<p>A Prefeitura Municipal de Cara\u00fabas atrav\u00e9s da Secretaria do Turismo promover\u00e1 em parceria com a comunidade do Monte Alegre e a igreja cat\u00f3lica a tradicional&hellip; <\/p>\n","protected":false},"author":2,"featured_media":14089,"comment_status":"closed","ping_status":"closed","sticky":false,"template":"","format":"standard","meta":{"sfsi_plus_gutenberg_text_before_share":"","sfsi_plus_gutenberg_show_text_before_share":"","sfsi_plus_gutenberg_icon_type":"","sfsi_plus_gutenberg_icon_alignemt":"","sfsi_plus_gutenburg_max_per_row":"","footnotes":""},"categories":[6],"tags":[],"class_list":["post-52317","post","type-post","status-publish","format-standard","has-post-thumbnail","hentry","category-cidades"],"_links":{"self":[{"href":"https:\/\/www.caririemacao.com\/1\/wp-json\/wp\/v2\/posts\/52317","targetHints":{"allow":["GET"]}}],"collection":[{"href":"https:\/\/www.caririemacao.com\/1\/wp-json\/wp\/v2\/posts"}],"about":[{"href":"https:\/\/www.caririemacao.com\/1\/wp-json\/wp\/v2\/types\/post"}],"author":[{"embeddable":true,"href":"https:\/\/www.caririemacao.com\/1\/wp-json\/wp\/v2\/users\/2"}],"replies":[{"embeddable":true,"href":"https:\/\/www.caririemacao.com\/1\/wp-json\/wp\/v2\/comments?post=52317"}],"version-history":[{"count":0,"href":"https:\/\/www.caririemacao.com\/1\/wp-json\/wp\/v2\/posts\/52317\/revisions"}],"wp:featuredmedia":[{"embeddable":true,"href":"https:\/\/www.caririemacao.com\/1\/wp-json\/wp\/v2\/media\/14089"}],"wp:attachment":[{"href":"https:\/\/www.caririemacao.com\/1\/wp-json\/wp\/v2\/media?parent=52317"}],"wp:term":[{"taxonomy":"category","embeddable":true,"href":"https:\/\/www.caririemacao.com\/1\/wp-json\/wp\/v2\/categories?post=52317"},{"taxonomy":"post_tag","embeddable":true,"href":"https:\/\/www.caririemacao.com\/1\/wp-json\/wp\/v2\/tags?post=52317"}],"curies":[{"name":"wp","href":"https:\/\/api.w.org\/{rel}","templated":true}]}}