{"id":52319,"date":"2018-05-26T20:32:40","date_gmt":"2018-05-26T23:32:40","guid":{"rendered":"http:\/\/caririemacao.com\/1\/?p=52319"},"modified":"2018-05-26T20:44:51","modified_gmt":"2018-05-26T23:44:51","slug":"governo-atua-em-tres-frentes-para-conter-greve-de-caminhoneiros","status":"publish","type":"post","link":"https:\/\/www.caririemacao.com\/1\/2018\/05\/26\/governo-atua-em-tres-frentes-para-conter-greve-de-caminhoneiros\/","title":{"rendered":"Governo atua em tr\u00eas frentes para conter greve de caminhoneiros"},"content":{"rendered":"<p>O governo quer sufocar o movimento de\u00a0paralisa\u00e7\u00e3o dos caminhoneiros, que entrou em seu sexto dia neste s\u00e1bado, atuando em pelo menos tr\u00eas frentes, para tentar reverter o que aliados do presidente Michel Temer classificaram como \u201cgrave crise\u201d, que est\u00e1 deixando o Pa\u00eds ref\u00e9m da categoria.<\/p>\n<p>A partir de segunda-feira, a Pol\u00edcia Rodovi\u00e1ria Federal (PRF) entregar\u00e1 ao Minist\u00e9rio P\u00fablico Federal relat\u00f3rio atualizado de todas as multas aplicadas a caminhoneiros para identifica\u00e7\u00e3o do usu\u00e1rio e do propriet\u00e1rio dos ve\u00edculos autuados. Eles ser\u00e3o incriminados e at\u00e9 presos em casos de locaute, quando uma\u00a0paralisa\u00e7\u00e3o \u00e9 coordenada e incentivada por empres\u00e1rios do setor\u00a0.<\/p>\n<p>A segunda frente \u00e9 a\u00a0amplia\u00e7\u00e3o da aplica\u00e7\u00e3o das multasde R$ 10 mil por dia para caminhoneiros e R$ 100 mil por hora para patr\u00f5es para os que insistirem na obstru\u00e7\u00e3o das vias. A terceira a\u00e7\u00e3o \u00e9 a entrada mais efetiva das For\u00e7as Armadas na desobstru\u00e7\u00e3o de estradas e de acesso \u00e0s 11 bases de distribui\u00e7\u00e3o, consideradas fundamentais.<\/p>\n<p>Dessas bases, que incluem refinarias e portos, o governo s\u00f3 conseguiu liberar duas at\u00e9 este s\u00e1bado: Duque de Caxias, no Rio, e Paul\u00ednia, em S\u00e3o Paulo. Nas demais, o governo ainda n\u00e3o havia conseguido ter acesso e s\u00e3o a prioridade de atua\u00e7\u00e3o das For\u00e7as Armadas nas pr\u00f3ximas horas. S\u00e3o elas Arauc\u00e1ria (PR), Suape (PE), Betim (MG), Canoas (RS), Manaus (AM), Bras\u00edlia (DF), e S\u00e3o Caetano, S\u00e3o Jos\u00e9 dos Campos e Barueri, em S\u00e3o Paulo. Para todas ser\u00e3o deslocados militares do Ex\u00e9rcito, da Marinha ou da Aeron\u00e1utica para que viabilizem que a desobstru\u00e7\u00e3o das vias.<\/p>\n<p>O governo sabe, no entanto, que essa opera\u00e7\u00e3o n\u00e3o \u00e9 simples nem r\u00e1pida, porque demanda uma log\u00edstica complexa por parte das For\u00e7as Armadas. O Ex\u00e9rcito, por exemplo, est\u00e1 buscando adequar as tropas \u00e0s log\u00edsticas estabelecidas. O governo reconhece que a desobstru\u00e7\u00e3o das estradas e das pr\u00f3prias refinarias n\u00e3o aconteceram como se esperava, nem no ritmo, nem na intensidade. Al\u00e9m do processo lento, h\u00e1 o efeito domin\u00f3 que atrapalha a melhoria da situa\u00e7\u00e3o.<\/p>\n<p><strong>Balan\u00e7o.\u00a0<\/strong>A Pol\u00edcia Rodovi\u00e1ria Federal (PRF) informou no in\u00edcio da tarde deste s\u00e1bado que o n\u00famero de pontos de manifesta\u00e7\u00e3o identificados em rodovias federais aumentou de 938, registrados na sexta, para 1.140. O dado contabiliza as manifesta\u00e7\u00f5es observadas nas estradas pela pol\u00edcia, podendo ser bloqueios parciais, totais ou que interfiram de algum modo na circula\u00e7\u00e3o, segundo a metodologia da PRF. At\u00e9 o \u00faltimo balan\u00e7o divulgado na noite de ontem, a PRF n\u00e3o havia informado o n\u00famero total de protestos identificados, s\u00f3 bloqueios ativos.<\/p>\n<p>Desse total de 1.140 identificados,\u00a0544 pontos haviam sido liberados at\u00e9 as 11h30 deste s\u00e1bado. Entretanto, o n\u00famero de pontos que continuam bloqueados, ainda que parcialmente, aumentou de sexta-feira para s\u00e1bado, de 519 para 596 &#8211; ou 52% do total de trechos com alguma manifesta\u00e7\u00e3o. Segundo a PRF, esse n\u00famero tem alta toda vez que h\u00e1 uma dispers\u00e3o, pois grupos tendem a se espalhar e acabam interferindo em outros pontos. O Minist\u00e9rio da Defesa afirma que 132 dos pontos liberados foram desobstru\u00eddos com ajuda das For\u00e7as Armadas.<\/p>\n<p><strong>Cont\u00e1gio.<\/strong>\u00a0Outra preocupa\u00e7\u00e3o do governo \u00e9 com cont\u00e1gio do problema do diesel aos usu\u00e1rios de carro que n\u00e3o encontram combust\u00edvel para comprar e s\u00e3o obrigados a enfrentar imensas filhas quando encontram um posto com combust\u00edvel. O Planalto teme que isso possa levar a uma revolta da classe m\u00e9dia. Por isso mesmo, o governo quer focar suas a\u00e7\u00f5es na desobstru\u00e7\u00e3o das vias e das refinarias para garantir a entrega do combust\u00edvel.<\/p>\n<p>O governo j\u00e1 identificou tamb\u00e9m que est\u00e1 perdendo a batalha da comunica\u00e7\u00e3o, principalmente nas m\u00eddias sociais. O v\u00e1cuo de informa\u00e7\u00f5es t\u00eam servido para fortalecer o movimento. O presidente quer que seja divulgado e se fa\u00e7a chegar \u00e0 popula\u00e7\u00e3o tudo o que foi acordado e cedido aos caminhoneiros, inclusive os termos do acordo firmado na quinta-feira.<\/p>\n<p>Os assessores presidenciais acreditam que essas frentes ser\u00e3o determinantes para ajudar na libera\u00e7\u00e3o de vias e no retorno ao trabalho pelos caminhoneiros, assim como revers\u00e3o de a\u00e7\u00e3o por parte dos empres\u00e1rios. Esses empres\u00e1rios, em muitos casos, perderam o controle sobre esses caminhoneiros que, liderados por alguns radicais, na avalia\u00e7\u00e3o do governo, n\u00e3o querem atender ao pedido de retorno ao trabalho. Por isso, tem se visto o aumento de manifesta\u00e7\u00e3o em alguns locais. Mas, em diversos caos, o Planalto acha que a press\u00e3o com multas e a\u00e7\u00e3o criminal contra empres\u00e1rios e pedidos de pris\u00e3o come\u00e7ar\u00e1 a ter efeito pr\u00e1tico.<\/p>\n<p><strong>Locaute\u00a0<\/strong><strong>.<\/strong><\/p>\n<p>Mais cedo neste s\u00e1bado, o ministro-chefe da Secretaria de Governo, Carlos Marun, disse que o governo brasileiro \u201ctem convic\u00e7\u00e3o\u201d de que o locaute foi praticado, mas n\u00e3o deu nomes de empres\u00e1rios que est\u00e3o no alvo do governo. Um dos nomes que o governo tem na mira \u00e9 do prefeito de Betim, Vittorio Medioli, que publicou um v\u00eddeo em sua rede social, na quinta-feira, em apoio \u00e0 manifesta\u00e7\u00e3o nacional dos caminhoneiros. Ele \u00e9 um dos alvos da investiga\u00e7\u00e3o porque al\u00e9m de ele ser prefeito de uma cidade, que n\u00e3o pode estimular o desabastecimento, \u00e9 propriet\u00e1rio do Grupo Sada, um conglomerado de log\u00edstica e infraestrutura da \u00e1rea dono de transportadora. O\u00a0<em>Estad\u00e3o\/Broadcast<\/em>\u00a0ainda n\u00e3o conseguiu localizar Medioli.<\/p>\n<p><strong>CARIRI EM A\u00c7\u00c3O<\/strong><\/p>\n<p>Com Folhapress.\/Foto: Reprodu\u00e7\u00e3o Internet<\/p>\n<p>Leia mais not\u00edcias em\u00a0<a href=\"http:\/\/www.caririemacao.com\/\">caririemacao.com<\/a>, siga nossa p\u00e1gina no\u00a0<a href=\"https:\/\/www.facebook.com\/CaririEmAcao\/?ref=aymt_homepage_panel\">Facebook<\/a>,\u00a0<a href=\"https:\/\/www.instagram.com\/cariri_em_acao\/?hl=pt-br\">Instagram<\/a>\u00a0e\u00a0<a href=\"https:\/\/www.youtube.com\/channel\/UCAptA0jQuYQy8vMhLt2m4qg\">Youtube<\/a>\u00a0e veja nossas mat\u00e9rias, v\u00eddeos e fotos. Voc\u00ea tamb\u00e9m pode enviar informa\u00e7\u00f5es \u00e0 Reda\u00e7\u00e3o do Portal Cariri em A\u00e7\u00e3o pelo WhatsApp (83) 9 9634.5791, (83) 9 9601-1162.<\/p>\n","protected":false},"excerpt":{"rendered":"<p>O governo quer sufocar o movimento de\u00a0paralisa\u00e7\u00e3o dos caminhoneiros, que entrou em seu sexto dia neste s\u00e1bado, atuando em pelo menos tr\u00eas frentes, para tentar&hellip; <\/p>\n","protected":false},"author":2,"featured_media":52041,"comment_status":"closed","ping_status":"closed","sticky":false,"template":"","format":"standard","meta":{"sfsi_plus_gutenberg_text_before_share":"","sfsi_plus_gutenberg_show_text_before_share":"","sfsi_plus_gutenberg_icon_type":"","sfsi_plus_gutenberg_icon_alignemt":"","sfsi_plus_gutenburg_max_per_row":"","footnotes":""},"categories":[2],"tags":[],"class_list":["post-52319","post","type-post","status-publish","format-standard","has-post-thumbnail","hentry","category-geral"],"_links":{"self":[{"href":"https:\/\/www.caririemacao.com\/1\/wp-json\/wp\/v2\/posts\/52319","targetHints":{"allow":["GET"]}}],"collection":[{"href":"https:\/\/www.caririemacao.com\/1\/wp-json\/wp\/v2\/posts"}],"about":[{"href":"https:\/\/www.caririemacao.com\/1\/wp-json\/wp\/v2\/types\/post"}],"author":[{"embeddable":true,"href":"https:\/\/www.caririemacao.com\/1\/wp-json\/wp\/v2\/users\/2"}],"replies":[{"embeddable":true,"href":"https:\/\/www.caririemacao.com\/1\/wp-json\/wp\/v2\/comments?post=52319"}],"version-history":[{"count":0,"href":"https:\/\/www.caririemacao.com\/1\/wp-json\/wp\/v2\/posts\/52319\/revisions"}],"wp:featuredmedia":[{"embeddable":true,"href":"https:\/\/www.caririemacao.com\/1\/wp-json\/wp\/v2\/media\/52041"}],"wp:attachment":[{"href":"https:\/\/www.caririemacao.com\/1\/wp-json\/wp\/v2\/media?parent=52319"}],"wp:term":[{"taxonomy":"category","embeddable":true,"href":"https:\/\/www.caririemacao.com\/1\/wp-json\/wp\/v2\/categories?post=52319"},{"taxonomy":"post_tag","embeddable":true,"href":"https:\/\/www.caririemacao.com\/1\/wp-json\/wp\/v2\/tags?post=52319"}],"curies":[{"name":"wp","href":"https:\/\/api.w.org\/{rel}","templated":true}]}}