{"id":52325,"date":"2018-05-26T22:59:39","date_gmt":"2018-05-27T01:59:39","guid":{"rendered":"http:\/\/caririemacao.com\/1\/?p=52325"},"modified":"2018-05-26T22:59:39","modified_gmt":"2018-05-27T01:59:39","slug":"decisao-judicial-determina-100-do-abastecimento-de-combustivel-na-paraiba","status":"publish","type":"post","link":"https:\/\/www.caririemacao.com\/1\/2018\/05\/26\/decisao-judicial-determina-100-do-abastecimento-de-combustivel-na-paraiba\/","title":{"rendered":"Decis\u00e3o judicial determina 100% do abastecimento de combust\u00edvel na Para\u00edba"},"content":{"rendered":"<p>Uma decis\u00e3o da Justi\u00e7a em Cabedelo, determinou a libera\u00e7\u00e3o de 100% do abastecimento de combust\u00edvel na Para\u00edba. A determina\u00e7\u00e3o foi emitida durante reuni\u00e3o no Porto de Cabedelo, na manh\u00e3 desse s\u00e1bado.<\/p>\n<p>A presidente da Companhia das Docas, Gilmara Tim\u00f3teo, disse que a determina\u00e7\u00e3o \u00e9 de que n\u00e3o haja obstru\u00e7\u00e3o e que todos os postos sejam abastecidos com o combust\u00edvel que est\u00e1 no Porto de Cabedelo.<\/p>\n<p>J\u00e1 o presidente do Sindicato dos Caminhoneiros, Hemerson Galdino, disse que a liminar ser\u00e1 cumprida, mas o sindicato n\u00e3o pode obrigar os caminhoneiros irem realizar o abastecimento, mas que a posi\u00e7\u00e3o da categoria n\u00e3o \u00e9 de prejudicar os servi\u00e7os essenciais da popula\u00e7\u00e3o.<\/p>\n<p><strong>CARIRI EM A\u00c7\u00c3O<\/strong><\/p>\n<p>Com informa\u00e7\u00f5es da TV Cabo Branco<\/p>\n<p>Leia mais not\u00edcias em\u00a0<a href=\"http:\/\/www.caririemacao.com\/\">caririemacao.com<\/a>, siga nossa p\u00e1gina no\u00a0<a href=\"https:\/\/www.facebook.com\/CaririEmAcao\/?ref=aymt_homepage_panel\">Facebook<\/a>,\u00a0<a href=\"https:\/\/www.instagram.com\/cariri_em_acao\/?hl=pt-br\">Instagram<\/a>\u00a0e\u00a0<a href=\"https:\/\/www.youtube.com\/channel\/UCAptA0jQuYQy8vMhLt2m4qg\">Youtube<\/a>\u00a0e veja nossas mat\u00e9rias, v\u00eddeos e fotos. Voc\u00ea tamb\u00e9m pode enviar informa\u00e7\u00f5es \u00e0 Reda\u00e7\u00e3o do Portal Cariri em A\u00e7\u00e3o pelo WhatsApp (83) 9 9634.5791, (83) 9 9601-1162.<\/p>\n","protected":false},"excerpt":{"rendered":"<p>Uma decis\u00e3o da Justi\u00e7a em Cabedelo, determinou a libera\u00e7\u00e3o de 100% do abastecimento de combust\u00edvel na Para\u00edba. A determina\u00e7\u00e3o foi emitida durante reuni\u00e3o no Porto&hellip; <\/p>\n","protected":false},"author":2,"featured_media":52326,"comment_status":"closed","ping_status":"closed","sticky":false,"template":"","format":"standard","meta":{"sfsi_plus_gutenberg_text_before_share":"","sfsi_plus_gutenberg_show_text_before_share":"","sfsi_plus_gutenberg_icon_type":"","sfsi_plus_gutenberg_icon_alignemt":"","sfsi_plus_gutenburg_max_per_row":"","footnotes":""},"categories":[2],"tags":[],"class_list":["post-52325","post","type-post","status-publish","format-standard","has-post-thumbnail","hentry","category-geral"],"_links":{"self":[{"href":"https:\/\/www.caririemacao.com\/1\/wp-json\/wp\/v2\/posts\/52325","targetHints":{"allow":["GET"]}}],"collection":[{"href":"https:\/\/www.caririemacao.com\/1\/wp-json\/wp\/v2\/posts"}],"about":[{"href":"https:\/\/www.caririemacao.com\/1\/wp-json\/wp\/v2\/types\/post"}],"author":[{"embeddable":true,"href":"https:\/\/www.caririemacao.com\/1\/wp-json\/wp\/v2\/users\/2"}],"replies":[{"embeddable":true,"href":"https:\/\/www.caririemacao.com\/1\/wp-json\/wp\/v2\/comments?post=52325"}],"version-history":[{"count":0,"href":"https:\/\/www.caririemacao.com\/1\/wp-json\/wp\/v2\/posts\/52325\/revisions"}],"wp:featuredmedia":[{"embeddable":true,"href":"https:\/\/www.caririemacao.com\/1\/wp-json\/wp\/v2\/media\/52326"}],"wp:attachment":[{"href":"https:\/\/www.caririemacao.com\/1\/wp-json\/wp\/v2\/media?parent=52325"}],"wp:term":[{"taxonomy":"category","embeddable":true,"href":"https:\/\/www.caririemacao.com\/1\/wp-json\/wp\/v2\/categories?post=52325"},{"taxonomy":"post_tag","embeddable":true,"href":"https:\/\/www.caririemacao.com\/1\/wp-json\/wp\/v2\/tags?post=52325"}],"curies":[{"name":"wp","href":"https:\/\/api.w.org\/{rel}","templated":true}]}}