{"id":52328,"date":"2018-05-26T23:06:29","date_gmt":"2018-05-27T02:06:29","guid":{"rendered":"http:\/\/caririemacao.com\/1\/?p=52328"},"modified":"2018-05-26T23:06:29","modified_gmt":"2018-05-27T02:06:29","slug":"homem-e-preso-apos-matar-gerente-de-posto-de-combustivel-na-pb","status":"publish","type":"post","link":"https:\/\/www.caririemacao.com\/1\/2018\/05\/26\/homem-e-preso-apos-matar-gerente-de-posto-de-combustivel-na-pb\/","title":{"rendered":"Homem \u00e9 preso ap\u00f3s matar gerente de posto de combust\u00edvel na PB"},"content":{"rendered":"<p>O gerente de um posto de combust\u00edvel em Jo\u00e3o Pessoa foi morto na tarde deste s\u00e1bado, 26, ap\u00f3s reagir a uma tentativa de assalto. O fato aconteceu na avenida Edson Ramalho, no bairro de Mana\u00edra, e segundo a Pol\u00edcia Militar, o homem foi abordado por dois assaltantes armados.<\/p>\n<p>Segundo testemunhas, os dois acusados chegaram ao local, que estava lotado, por volta das 14h e furaram a fila, ficando em um outro ponto do estabelecimento observando a movimenta\u00e7\u00e3o. O gerente se dirigiu ao escrit\u00f3rio e foi seguido por um dos dois homens, que o abordou. Ele teria reagido \u00e0 tentativa de assalto ao tentar segurar e tomar a arma de um dos suspeitos, foi quando sofreu um disparo que o matou na hora.<\/p>\n<p>A popula\u00e7\u00e3o que estava no local, no momento do crime, reagiu e espancou um dos acusados. A PM conseguiu intervir e prendeu o mesmo em flagrante. Com ele foi apreendido uma arma, que teria sido usada no crime, e uma moto. Por causa dos ferimentos, o suspeito foi levado para o Hospital de Trauma da Capital, recebeu atendimento m\u00e9dico, e foi encaminhado para a Central de Pol\u00edcia.<\/p>\n<p><strong>CARIRI EM A\u00c7\u00c3O<\/strong><\/p>\n<p>Com G1 &#8211; Foto: Waltter Paparazzo\/G1<\/p>\n<p>Leia mais not\u00edcias em\u00a0<a href=\"http:\/\/www.caririemacao.com\/\">caririemacao.com<\/a>, siga nossa p\u00e1gina no\u00a0<a href=\"https:\/\/www.facebook.com\/CaririEmAcao\/?ref=aymt_homepage_panel\">Facebook<\/a>,\u00a0<a href=\"https:\/\/www.instagram.com\/cariri_em_acao\/?hl=pt-br\">Instagram<\/a>\u00a0e\u00a0<a href=\"https:\/\/www.youtube.com\/channel\/UCAptA0jQuYQy8vMhLt2m4qg\">Youtube<\/a>\u00a0e veja nossas mat\u00e9rias, v\u00eddeos e fotos. Voc\u00ea tamb\u00e9m pode enviar informa\u00e7\u00f5es \u00e0 Reda\u00e7\u00e3o do Portal Cariri em A\u00e7\u00e3o pelo WhatsApp (83) 9 9634.5791, (83) 9 9601-1162.<\/p>\n","protected":false},"excerpt":{"rendered":"<p>O gerente de um posto de combust\u00edvel em Jo\u00e3o Pessoa foi morto na tarde deste s\u00e1bado, 26, ap\u00f3s reagir a uma tentativa de assalto. O&hellip; <\/p>\n","protected":false},"author":2,"featured_media":52329,"comment_status":"closed","ping_status":"closed","sticky":false,"template":"","format":"standard","meta":{"sfsi_plus_gutenberg_text_before_share":"","sfsi_plus_gutenberg_show_text_before_share":"","sfsi_plus_gutenberg_icon_type":"","sfsi_plus_gutenberg_icon_alignemt":"","sfsi_plus_gutenburg_max_per_row":"","footnotes":""},"categories":[12],"tags":[],"class_list":["post-52328","post","type-post","status-publish","format-standard","has-post-thumbnail","hentry","category-policia"],"_links":{"self":[{"href":"https:\/\/www.caririemacao.com\/1\/wp-json\/wp\/v2\/posts\/52328","targetHints":{"allow":["GET"]}}],"collection":[{"href":"https:\/\/www.caririemacao.com\/1\/wp-json\/wp\/v2\/posts"}],"about":[{"href":"https:\/\/www.caririemacao.com\/1\/wp-json\/wp\/v2\/types\/post"}],"author":[{"embeddable":true,"href":"https:\/\/www.caririemacao.com\/1\/wp-json\/wp\/v2\/users\/2"}],"replies":[{"embeddable":true,"href":"https:\/\/www.caririemacao.com\/1\/wp-json\/wp\/v2\/comments?post=52328"}],"version-history":[{"count":0,"href":"https:\/\/www.caririemacao.com\/1\/wp-json\/wp\/v2\/posts\/52328\/revisions"}],"wp:featuredmedia":[{"embeddable":true,"href":"https:\/\/www.caririemacao.com\/1\/wp-json\/wp\/v2\/media\/52329"}],"wp:attachment":[{"href":"https:\/\/www.caririemacao.com\/1\/wp-json\/wp\/v2\/media?parent=52328"}],"wp:term":[{"taxonomy":"category","embeddable":true,"href":"https:\/\/www.caririemacao.com\/1\/wp-json\/wp\/v2\/categories?post=52328"},{"taxonomy":"post_tag","embeddable":true,"href":"https:\/\/www.caririemacao.com\/1\/wp-json\/wp\/v2\/tags?post=52328"}],"curies":[{"name":"wp","href":"https:\/\/api.w.org\/{rel}","templated":true}]}}