{"id":52331,"date":"2018-05-27T00:01:20","date_gmt":"2018-05-27T03:01:20","guid":{"rendered":"http:\/\/caririemacao.com\/1\/?p=52331"},"modified":"2018-05-27T00:01:20","modified_gmt":"2018-05-27T03:01:20","slug":"sob-a-presidencia-de-marcelo-farias-camara-de-gurjao-realizou-reuniao-nesta-sexta-feira","status":"publish","type":"post","link":"https:\/\/www.caririemacao.com\/1\/2018\/05\/27\/sob-a-presidencia-de-marcelo-farias-camara-de-gurjao-realizou-reuniao-nesta-sexta-feira\/","title":{"rendered":"Sob a presid\u00eancia de Marcelo Farias, C\u00e2mara de Gurj\u00e3o realizou reuni\u00e3o nesta sexta-feira"},"content":{"rendered":"<p>O vice-presidente da C\u00e2mara Municipal de Gurj\u00e3o, vereador Marcelo Farias, comandou a sess\u00e3o desta sexta-feira, dia 25, que aprovou v\u00e1rias proposituras.<\/p>\n<p>Confira o que foram aprovados na sess\u00e3o desta sexta-feira (25):<\/p>\n<p><a href=\"http:\/\/caririemacao.com\/1\/wp-content\/uploads\/2017\/04\/diogo.jpg\"><img fetchpriority=\"high\" decoding=\"async\" class=\"alignnone size-full wp-image-17755\" src=\"http:\/\/caririemacao.com\/1\/wp-content\/uploads\/2017\/04\/diogo.jpg\" alt=\"\" width=\"800\" height=\"533\" srcset=\"https:\/\/www.caririemacao.com\/1\/wp-content\/uploads\/2017\/04\/diogo.jpg 800w, https:\/\/www.caririemacao.com\/1\/wp-content\/uploads\/2017\/04\/diogo-300x200.jpg 300w, https:\/\/www.caririemacao.com\/1\/wp-content\/uploads\/2017\/04\/diogo-768x512.jpg 768w\" sizes=\"(max-width: 800px) 100vw, 800px\" \/><\/a><\/p>\n<p><strong>Vereador Diogo Coutinho<\/strong><\/p>\n<p>Solicitou recupera\u00e7\u00e3o do cal\u00e7amento da Rua professora Genu\u00edna Pessoa, especificamente no espa\u00e7o conhecido como escorrega.<\/p>\n<p>Diogo ainda pediu a Prefeitura Municipal que analise a possibilidade de incluir a amplia\u00e7\u00e3o vertical do cemit\u00e9rio Nossa Senhora do Carmo, bem como, a reforma das sepulturas padronizando-as para que as tampas fiquem na parte da frente.<\/p>\n<p><a href=\"http:\/\/caririemacao.com\/1\/wp-content\/uploads\/2017\/11\/Elizete-Gurj\u00e3o-1.jpg\"><img decoding=\"async\" class=\"alignnone size-full wp-image-32977 lazyload\" data-src=\"http:\/\/caririemacao.com\/1\/wp-content\/uploads\/2017\/11\/Elizete-Gurj\u00e3o-1.jpg\" alt=\"\" width=\"800\" height=\"533\" data-srcset=\"https:\/\/www.caririemacao.com\/1\/wp-content\/uploads\/2017\/11\/Elizete-Gurj\u00e3o-1.jpg 800w, https:\/\/www.caririemacao.com\/1\/wp-content\/uploads\/2017\/11\/Elizete-Gurj\u00e3o-1-300x200.jpg 300w, https:\/\/www.caririemacao.com\/1\/wp-content\/uploads\/2017\/11\/Elizete-Gurj\u00e3o-1-768x512.jpg 768w\" data-sizes=\"(max-width: 800px) 100vw, 800px\" src=\"data:image\/svg+xml;base64,PHN2ZyB3aWR0aD0iMSIgaGVpZ2h0PSIxIiB4bWxucz0iaHR0cDovL3d3dy53My5vcmcvMjAwMC9zdmciPjwvc3ZnPg==\" style=\"--smush-placeholder-width: 800px; --smush-placeholder-aspect-ratio: 800\/533;\" \/><\/a><\/p>\n<p><strong>Vereadora Maria Elizete<\/strong><\/p>\n<p>Apresentou voto de aplausos ao prefeito Ronaldo Queiroz pela aprova\u00e7\u00e3o sem ressalvas das contas do munic\u00edpio de Gurj\u00e3o referente ao ano de 2015, pelo Tribunal de Contas do Estado da Para\u00edba.<\/p>\n<p>Al\u00e9m disso de parabenizar o munic\u00edpio de Gurj\u00e3o pelo resultado exitoso conseguido no Pr\u00eamio Munici\u00eancia &#8211; experi\u00eancias inovadoras em gest\u00e3o municipal com Programa de Protagonismo Juvenil (PPJ), coordenado por Myrna Maria Chaves do Amaral, premiado como segundo melhor programa inovador do Brasil.<\/p>\n<p>A vereadora Elizete ainda apresentou Votos de profundo pesar pela morte da senhora Josefa Ara\u00fajo da Silva que faleceu no \u00faltimo dia 10 deste m\u00eas.<\/p>\n<p><a href=\"http:\/\/caririemacao.com\/1\/wp-content\/uploads\/2017\/04\/marcelo.jpg\"><img decoding=\"async\" class=\"alignnone size-full wp-image-17758 lazyload\" data-src=\"http:\/\/caririemacao.com\/1\/wp-content\/uploads\/2017\/04\/marcelo.jpg\" alt=\"\" width=\"800\" height=\"533\" data-srcset=\"https:\/\/www.caririemacao.com\/1\/wp-content\/uploads\/2017\/04\/marcelo.jpg 800w, https:\/\/www.caririemacao.com\/1\/wp-content\/uploads\/2017\/04\/marcelo-300x200.jpg 300w, https:\/\/www.caririemacao.com\/1\/wp-content\/uploads\/2017\/04\/marcelo-768x512.jpg 768w\" data-sizes=\"(max-width: 800px) 100vw, 800px\" src=\"data:image\/svg+xml;base64,PHN2ZyB3aWR0aD0iMSIgaGVpZ2h0PSIxIiB4bWxucz0iaHR0cDovL3d3dy53My5vcmcvMjAwMC9zdmciPjwvc3ZnPg==\" style=\"--smush-placeholder-width: 800px; --smush-placeholder-aspect-ratio: 800\/533;\" \/><\/a><\/p>\n<p><strong>Marcelo Farias<\/strong><\/p>\n<p>O vereador Marcelo pediu que seja encaminhado ao diretor do DER Para\u00edba, Carlos Pereira de Carvalho e Silva, solicita\u00e7\u00e3o para que o mesmo analise a possibilidade de reparo na estrutura da rodovia PB 176, especificamente no trecho que est\u00e1 localizada uma das barragens do senhor Osmar Coutinho Ramos, \u00e1rea conhecida como Z\u00e9 da Silva.<\/p>\n<p>A propositura apresentada pelo vereador Marcelo Farias tamb\u00e9m foi acompanhada pela vereadora Maria Elizete.<\/p>\n<p>O vereador Marcelo Farias tamb\u00e9m apresentou Projeto de Decreto Legislativo que concede o T\u00edtulo de Cidadania Gurj\u00e3oense ao padre Romualdo Vieira de Lima.<\/p>\n<p><a href=\"http:\/\/caririemacao.com\/1\/wp-content\/uploads\/2018\/05\/WhatsApp-Image-2018-05-25-at-21.23.08-1.jpeg\"><img decoding=\"async\" class=\"alignnone size-full wp-image-52333 lazyload\" data-src=\"http:\/\/caririemacao.com\/1\/wp-content\/uploads\/2018\/05\/WhatsApp-Image-2018-05-25-at-21.23.08-1.jpeg\" alt=\"\" width=\"1024\" height=\"768\" data-srcset=\"https:\/\/www.caririemacao.com\/1\/wp-content\/uploads\/2018\/05\/WhatsApp-Image-2018-05-25-at-21.23.08-1.jpeg 1024w, https:\/\/www.caririemacao.com\/1\/wp-content\/uploads\/2018\/05\/WhatsApp-Image-2018-05-25-at-21.23.08-1-300x225.jpeg 300w, https:\/\/www.caririemacao.com\/1\/wp-content\/uploads\/2018\/05\/WhatsApp-Image-2018-05-25-at-21.23.08-1-768x576.jpeg 768w\" data-sizes=\"(max-width: 1024px) 100vw, 1024px\" src=\"data:image\/svg+xml;base64,PHN2ZyB3aWR0aD0iMSIgaGVpZ2h0PSIxIiB4bWxucz0iaHR0cDovL3d3dy53My5vcmcvMjAwMC9zdmciPjwvc3ZnPg==\" style=\"--smush-placeholder-width: 1024px; --smush-placeholder-aspect-ratio: 1024\/768;\" \/><\/a><\/p>\n<p><strong>Vereador Gilberto Farias<\/strong><\/p>\n<p>Gilberto solicitou a cria\u00e7\u00e3o de uma \u00e1rea coberta para os feirantes, no entorno do pr\u00e9dio do antigo Mercado P\u00fablico de Gurj\u00e3o.<\/p>\n<p><a href=\"http:\/\/caririemacao.com\/1\/wp-content\/uploads\/2018\/05\/WhatsApp-Image-2018-05-25-at-21.23.06.jpeg\"><img decoding=\"async\" class=\"alignnone size-full wp-image-52334 lazyload\" data-src=\"http:\/\/caririemacao.com\/1\/wp-content\/uploads\/2018\/05\/WhatsApp-Image-2018-05-25-at-21.23.06.jpeg\" alt=\"\" width=\"774\" height=\"1032\" data-srcset=\"https:\/\/www.caririemacao.com\/1\/wp-content\/uploads\/2018\/05\/WhatsApp-Image-2018-05-25-at-21.23.06.jpeg 774w, https:\/\/www.caririemacao.com\/1\/wp-content\/uploads\/2018\/05\/WhatsApp-Image-2018-05-25-at-21.23.06-225x300.jpeg 225w, https:\/\/www.caririemacao.com\/1\/wp-content\/uploads\/2018\/05\/WhatsApp-Image-2018-05-25-at-21.23.06-768x1024.jpeg 768w\" data-sizes=\"(max-width: 774px) 100vw, 774px\" src=\"data:image\/svg+xml;base64,PHN2ZyB3aWR0aD0iMSIgaGVpZ2h0PSIxIiB4bWxucz0iaHR0cDovL3d3dy53My5vcmcvMjAwMC9zdmciPjwvc3ZnPg==\" style=\"--smush-placeholder-width: 774px; --smush-placeholder-aspect-ratio: 774\/1032;\" \/><\/a> <a href=\"http:\/\/caririemacao.com\/1\/wp-content\/uploads\/2018\/05\/WhatsApp-Image-2018-05-25-at-21.23.07-2.jpeg\"><img decoding=\"async\" class=\"alignnone size-full wp-image-52335 lazyload\" data-src=\"http:\/\/caririemacao.com\/1\/wp-content\/uploads\/2018\/05\/WhatsApp-Image-2018-05-25-at-21.23.07-2.jpeg\" alt=\"\" width=\"774\" height=\"1032\" data-srcset=\"https:\/\/www.caririemacao.com\/1\/wp-content\/uploads\/2018\/05\/WhatsApp-Image-2018-05-25-at-21.23.07-2.jpeg 774w, https:\/\/www.caririemacao.com\/1\/wp-content\/uploads\/2018\/05\/WhatsApp-Image-2018-05-25-at-21.23.07-2-225x300.jpeg 225w, https:\/\/www.caririemacao.com\/1\/wp-content\/uploads\/2018\/05\/WhatsApp-Image-2018-05-25-at-21.23.07-2-768x1024.jpeg 768w\" data-sizes=\"(max-width: 774px) 100vw, 774px\" src=\"data:image\/svg+xml;base64,PHN2ZyB3aWR0aD0iMSIgaGVpZ2h0PSIxIiB4bWxucz0iaHR0cDovL3d3dy53My5vcmcvMjAwMC9zdmciPjwvc3ZnPg==\" style=\"--smush-placeholder-width: 774px; --smush-placeholder-aspect-ratio: 774\/1032;\" \/><\/a> <a href=\"http:\/\/caririemacao.com\/1\/wp-content\/uploads\/2018\/05\/WhatsApp-Image-2018-05-25-at-21.23.08-2-1.jpeg\"><img decoding=\"async\" class=\"alignnone size-full wp-image-52336 lazyload\" data-src=\"http:\/\/caririemacao.com\/1\/wp-content\/uploads\/2018\/05\/WhatsApp-Image-2018-05-25-at-21.23.08-2-1.jpeg\" alt=\"\" width=\"1024\" height=\"768\" data-srcset=\"https:\/\/www.caririemacao.com\/1\/wp-content\/uploads\/2018\/05\/WhatsApp-Image-2018-05-25-at-21.23.08-2-1.jpeg 1024w, https:\/\/www.caririemacao.com\/1\/wp-content\/uploads\/2018\/05\/WhatsApp-Image-2018-05-25-at-21.23.08-2-1-300x225.jpeg 300w, https:\/\/www.caririemacao.com\/1\/wp-content\/uploads\/2018\/05\/WhatsApp-Image-2018-05-25-at-21.23.08-2-1-768x576.jpeg 768w\" data-sizes=\"(max-width: 1024px) 100vw, 1024px\" src=\"data:image\/svg+xml;base64,PHN2ZyB3aWR0aD0iMSIgaGVpZ2h0PSIxIiB4bWxucz0iaHR0cDovL3d3dy53My5vcmcvMjAwMC9zdmciPjwvc3ZnPg==\" style=\"--smush-placeholder-width: 1024px; --smush-placeholder-aspect-ratio: 1024\/768;\" \/><\/a> <a href=\"http:\/\/caririemacao.com\/1\/wp-content\/uploads\/2018\/05\/WhatsApp-Image-2018-05-25-at-21.23.09-1.jpeg\"><img decoding=\"async\" class=\"alignnone size-full wp-image-52337 lazyload\" data-src=\"http:\/\/caririemacao.com\/1\/wp-content\/uploads\/2018\/05\/WhatsApp-Image-2018-05-25-at-21.23.09-1.jpeg\" alt=\"\" width=\"1024\" height=\"768\" data-srcset=\"https:\/\/www.caririemacao.com\/1\/wp-content\/uploads\/2018\/05\/WhatsApp-Image-2018-05-25-at-21.23.09-1.jpeg 1024w, https:\/\/www.caririemacao.com\/1\/wp-content\/uploads\/2018\/05\/WhatsApp-Image-2018-05-25-at-21.23.09-1-300x225.jpeg 300w, https:\/\/www.caririemacao.com\/1\/wp-content\/uploads\/2018\/05\/WhatsApp-Image-2018-05-25-at-21.23.09-1-768x576.jpeg 768w\" data-sizes=\"(max-width: 1024px) 100vw, 1024px\" src=\"data:image\/svg+xml;base64,PHN2ZyB3aWR0aD0iMSIgaGVpZ2h0PSIxIiB4bWxucz0iaHR0cDovL3d3dy53My5vcmcvMjAwMC9zdmciPjwvc3ZnPg==\" style=\"--smush-placeholder-width: 1024px; --smush-placeholder-aspect-ratio: 1024\/768;\" \/><\/a><\/p>\n<p><strong>CARIRI EM A\u00c7\u00c3O<\/strong><\/p>\n<p>Leia mais not\u00edcias em\u00a0<a href=\"http:\/\/www.caririemacao.com\/\">caririemacao.com<\/a>, siga nossa p\u00e1gina no\u00a0<a href=\"https:\/\/www.facebook.com\/CaririEmAcao\/?ref=aymt_homepage_panel\">Facebook<\/a>,\u00a0<a href=\"https:\/\/www.instagram.com\/cariri_em_acao\/?hl=pt-br\">Instagram<\/a>\u00a0e\u00a0<a href=\"https:\/\/www.youtube.com\/channel\/UCAptA0jQuYQy8vMhLt2m4qg\">Youtube<\/a>\u00a0e veja nossas mat\u00e9rias, v\u00eddeos e fotos. Voc\u00ea tamb\u00e9m pode enviar informa\u00e7\u00f5es \u00e0 Reda\u00e7\u00e3o do Portal Cariri em A\u00e7\u00e3o pelo WhatsApp (83) 9 9634.5791, (83) 9 9601-1162.<\/p>\n<p>&nbsp;<\/p>\n<p>&nbsp;<\/p>\n","protected":false},"excerpt":{"rendered":"<p>O vice-presidente da C\u00e2mara Municipal de Gurj\u00e3o, vereador Marcelo Farias, comandou a sess\u00e3o desta sexta-feira, dia 25, que aprovou v\u00e1rias proposituras. Confira o que foram&hellip; <\/p>\n","protected":false},"author":2,"featured_media":52332,"comment_status":"closed","ping_status":"closed","sticky":false,"template":"","format":"standard","meta":{"sfsi_plus_gutenberg_text_before_share":"","sfsi_plus_gutenberg_show_text_before_share":"","sfsi_plus_gutenberg_icon_type":"","sfsi_plus_gutenberg_icon_alignemt":"","sfsi_plus_gutenburg_max_per_row":"","footnotes":""},"categories":[11],"tags":[],"class_list":["post-52331","post","type-post","status-publish","format-standard","has-post-thumbnail","hentry","category-politica"],"_links":{"self":[{"href":"https:\/\/www.caririemacao.com\/1\/wp-json\/wp\/v2\/posts\/52331","targetHints":{"allow":["GET"]}}],"collection":[{"href":"https:\/\/www.caririemacao.com\/1\/wp-json\/wp\/v2\/posts"}],"about":[{"href":"https:\/\/www.caririemacao.com\/1\/wp-json\/wp\/v2\/types\/post"}],"author":[{"embeddable":true,"href":"https:\/\/www.caririemacao.com\/1\/wp-json\/wp\/v2\/users\/2"}],"replies":[{"embeddable":true,"href":"https:\/\/www.caririemacao.com\/1\/wp-json\/wp\/v2\/comments?post=52331"}],"version-history":[{"count":0,"href":"https:\/\/www.caririemacao.com\/1\/wp-json\/wp\/v2\/posts\/52331\/revisions"}],"wp:featuredmedia":[{"embeddable":true,"href":"https:\/\/www.caririemacao.com\/1\/wp-json\/wp\/v2\/media\/52332"}],"wp:attachment":[{"href":"https:\/\/www.caririemacao.com\/1\/wp-json\/wp\/v2\/media?parent=52331"}],"wp:term":[{"taxonomy":"category","embeddable":true,"href":"https:\/\/www.caririemacao.com\/1\/wp-json\/wp\/v2\/categories?post=52331"},{"taxonomy":"post_tag","embeddable":true,"href":"https:\/\/www.caririemacao.com\/1\/wp-json\/wp\/v2\/tags?post=52331"}],"curies":[{"name":"wp","href":"https:\/\/api.w.org\/{rel}","templated":true}]}}