{"id":52339,"date":"2018-05-27T13:23:31","date_gmt":"2018-05-27T16:23:31","guid":{"rendered":"http:\/\/caririemacao.com\/1\/?p=52339"},"modified":"2018-05-27T13:23:31","modified_gmt":"2018-05-27T16:23:31","slug":"colegio-estadual-de-sume-suspende-aula-nesta-segunda-feira","status":"publish","type":"post","link":"https:\/\/www.caririemacao.com\/1\/2018\/05\/27\/colegio-estadual-de-sume-suspende-aula-nesta-segunda-feira\/","title":{"rendered":"Col\u00e9gio Estadual de Sum\u00e9 suspende aula nesta segunda-feira"},"content":{"rendered":"<p>A Escola Estadual Jos\u00e9 Gon\u00e7alves de Queiroz, no munic\u00edpio de Sum\u00e9, informou que nesta segunda-feira (28), n\u00e3o haver\u00e1 aula.<\/p>\n<p>A diretora do educand\u00e1rio, Edilza de Oliveira, informou que o motivo \u00e9 por conta da falta de g\u00e1s para o cozimento das refei\u00e7\u00f5es e tamb\u00e9m por conta do transporte escolar, al\u00e9m do mais alguns professores que residem em outros munic\u00edpios est\u00e3o impossibilitados de fazer o translado por conta do fechamento das rodovias e falta de combust\u00edvel.<\/p>\n<p>\u201cContamos com a compreens\u00e3o de todos e em breve divulgaremos o calend\u00e1rio de reposi\u00e7\u00e3o\u201d, informou a diretora.<\/p>\n<p><strong>CARIRI EM A\u00c7\u00c3O<\/strong><\/p>\n<p>Leia mais not\u00edcias em\u00a0<a style=\"font-style: inherit; font-weight: inherit;\" href=\"http:\/\/www.caririemacao.com\/\">caririemacao.com<\/a>, siga nossa p\u00e1gina no\u00a0<a style=\"font-style: inherit; font-weight: inherit;\" href=\"https:\/\/www.facebook.com\/CaririEmAcao\/?ref=aymt_homepage_panel\">Facebook<\/a>,\u00a0<a style=\"font-style: inherit; font-weight: inherit;\" href=\"https:\/\/www.instagram.com\/cariri_em_acao\/?hl=pt-br\">Instagram<\/a>\u00a0e\u00a0<a style=\"font-style: inherit; font-weight: inherit;\" href=\"https:\/\/www.youtube.com\/channel\/UCAptA0jQuYQy8vMhLt2m4qg\">Youtube<\/a>\u00a0e veja nossas mat\u00e9rias, v\u00eddeos e fotos. Voc\u00ea tamb\u00e9m pode enviar informa\u00e7\u00f5es \u00e0 Reda\u00e7\u00e3o do Portal Cariri em A\u00e7\u00e3o pelo WhatsApp (83) 9 9634.5791, (83) 9 9601-1162.<\/p>\n","protected":false},"excerpt":{"rendered":"<p>A Escola Estadual Jos\u00e9 Gon\u00e7alves de Queiroz, no munic\u00edpio de Sum\u00e9, informou que nesta segunda-feira (28), n\u00e3o haver\u00e1 aula. A diretora do educand\u00e1rio, Edilza de&hellip; <\/p>\n","protected":false},"author":2,"featured_media":52350,"comment_status":"closed","ping_status":"closed","sticky":false,"template":"","format":"standard","meta":{"sfsi_plus_gutenberg_text_before_share":"","sfsi_plus_gutenberg_show_text_before_share":"","sfsi_plus_gutenberg_icon_type":"","sfsi_plus_gutenberg_icon_alignemt":"","sfsi_plus_gutenburg_max_per_row":"","footnotes":""},"categories":[2],"tags":[],"class_list":["post-52339","post","type-post","status-publish","format-standard","has-post-thumbnail","hentry","category-geral"],"_links":{"self":[{"href":"https:\/\/www.caririemacao.com\/1\/wp-json\/wp\/v2\/posts\/52339","targetHints":{"allow":["GET"]}}],"collection":[{"href":"https:\/\/www.caririemacao.com\/1\/wp-json\/wp\/v2\/posts"}],"about":[{"href":"https:\/\/www.caririemacao.com\/1\/wp-json\/wp\/v2\/types\/post"}],"author":[{"embeddable":true,"href":"https:\/\/www.caririemacao.com\/1\/wp-json\/wp\/v2\/users\/2"}],"replies":[{"embeddable":true,"href":"https:\/\/www.caririemacao.com\/1\/wp-json\/wp\/v2\/comments?post=52339"}],"version-history":[{"count":0,"href":"https:\/\/www.caririemacao.com\/1\/wp-json\/wp\/v2\/posts\/52339\/revisions"}],"wp:featuredmedia":[{"embeddable":true,"href":"https:\/\/www.caririemacao.com\/1\/wp-json\/wp\/v2\/media\/52350"}],"wp:attachment":[{"href":"https:\/\/www.caririemacao.com\/1\/wp-json\/wp\/v2\/media?parent=52339"}],"wp:term":[{"taxonomy":"category","embeddable":true,"href":"https:\/\/www.caririemacao.com\/1\/wp-json\/wp\/v2\/categories?post=52339"},{"taxonomy":"post_tag","embeddable":true,"href":"https:\/\/www.caririemacao.com\/1\/wp-json\/wp\/v2\/tags?post=52339"}],"curies":[{"name":"wp","href":"https:\/\/api.w.org\/{rel}","templated":true}]}}