{"id":52340,"date":"2018-05-27T12:08:53","date_gmt":"2018-05-27T15:08:53","guid":{"rendered":"http:\/\/caririemacao.com\/1\/?p=52340"},"modified":"2018-05-27T12:08:53","modified_gmt":"2018-05-27T15:08:53","slug":"prefeitura-apoia-a-festa-da-padroeira-do-distrito-de-santa-rita-em-tuparetama","status":"publish","type":"post","link":"https:\/\/www.caririemacao.com\/1\/2018\/05\/27\/prefeitura-apoia-a-festa-da-padroeira-do-distrito-de-santa-rita-em-tuparetama\/","title":{"rendered":"Prefeitura apoia a Festa da Padroeira do Distrito de Santa Rita em Tuparetama"},"content":{"rendered":"<p>A prefeitura de Tuparetama, por meio da Secretaria de Cultura, Desporto e Turismo do Munic\u00edpio esteve apoiando a realiza\u00e7\u00e3o da Festa da Padroeira Santa Rita de C\u00e1ssia, do distrito de Santa Rita, realizado na noite deste s\u00e1bado (26).<\/p>\n<p><a href=\"http:\/\/caririemacao.com\/1\/wp-content\/uploads\/2018\/05\/DSC_0914.jpg\"><img fetchpriority=\"high\" decoding=\"async\" class=\"alignnone size-full wp-image-52341\" src=\"http:\/\/caririemacao.com\/1\/wp-content\/uploads\/2018\/05\/DSC_0914.jpg\" alt=\"\" width=\"1024\" height=\"683\" srcset=\"https:\/\/www.caririemacao.com\/1\/wp-content\/uploads\/2018\/05\/DSC_0914.jpg 1024w, https:\/\/www.caririemacao.com\/1\/wp-content\/uploads\/2018\/05\/DSC_0914-300x200.jpg 300w, https:\/\/www.caririemacao.com\/1\/wp-content\/uploads\/2018\/05\/DSC_0914-768x512.jpg 768w\" sizes=\"(max-width: 1024px) 100vw, 1024px\" \/><\/a><\/p>\n<p>A festa foi animada por Anny Monteiro e pela banda sumeense Forr\u00f3 Kent que encerrou a noite com muito forr\u00f3 autentico.<\/p>\n<p><a href=\"http:\/\/caririemacao.com\/1\/wp-content\/uploads\/2018\/05\/DSC_0962.jpg\"><img decoding=\"async\" class=\"alignnone size-full wp-image-52344 lazyload\" data-src=\"http:\/\/caririemacao.com\/1\/wp-content\/uploads\/2018\/05\/DSC_0962.jpg\" alt=\"\" width=\"1024\" height=\"683\" data-srcset=\"https:\/\/www.caririemacao.com\/1\/wp-content\/uploads\/2018\/05\/DSC_0962.jpg 1024w, https:\/\/www.caririemacao.com\/1\/wp-content\/uploads\/2018\/05\/DSC_0962-300x200.jpg 300w, https:\/\/www.caririemacao.com\/1\/wp-content\/uploads\/2018\/05\/DSC_0962-768x512.jpg 768w\" data-sizes=\"(max-width: 1024px) 100vw, 1024px\" src=\"data:image\/svg+xml;base64,PHN2ZyB3aWR0aD0iMSIgaGVpZ2h0PSIxIiB4bWxucz0iaHR0cDovL3d3dy53My5vcmcvMjAwMC9zdmciPjwvc3ZnPg==\" style=\"--smush-placeholder-width: 1024px; --smush-placeholder-aspect-ratio: 1024\/683;\" \/><\/a><\/p>\n<p>A banda Forr\u00f3 Kent foi a \u00faltima banda a se apresentar e mesmo com a crise de combust\u00edvel para abastecimentos dos ve\u00edculos para o deslocamento das pessoas, o p\u00fablico que esteve presente aproveitou e dan\u00e7ou muito forr\u00f3.<\/p>\n<p><a href=\"http:\/\/caririemacao.com\/1\/wp-content\/uploads\/2018\/05\/DSC_0949.jpg\"><img decoding=\"async\" class=\"alignnone size-full wp-image-52343 lazyload\" data-src=\"http:\/\/caririemacao.com\/1\/wp-content\/uploads\/2018\/05\/DSC_0949.jpg\" alt=\"\" width=\"1024\" height=\"683\" data-srcset=\"https:\/\/www.caririemacao.com\/1\/wp-content\/uploads\/2018\/05\/DSC_0949.jpg 1024w, https:\/\/www.caririemacao.com\/1\/wp-content\/uploads\/2018\/05\/DSC_0949-300x200.jpg 300w, https:\/\/www.caririemacao.com\/1\/wp-content\/uploads\/2018\/05\/DSC_0949-768x512.jpg 768w\" data-sizes=\"(max-width: 1024px) 100vw, 1024px\" src=\"data:image\/svg+xml;base64,PHN2ZyB3aWR0aD0iMSIgaGVpZ2h0PSIxIiB4bWxucz0iaHR0cDovL3d3dy53My5vcmcvMjAwMC9zdmciPjwvc3ZnPg==\" style=\"--smush-placeholder-width: 1024px; --smush-placeholder-aspect-ratio: 1024\/683;\" \/><\/a><\/p>\n<p>O secretario de Cultura, Desporto e Turismo do Munic\u00edpio, Fernando Marques, destacou que a comunidade valoriza muito o forr\u00f3 tradicional e a banda Forr\u00f3 Kent perfeito para o evento. Ele ainda disse que a Prefeitura de Tuparetama deu total a festa, contribuindo com a comiss\u00e3o organizadora da festa no distrito de Santa Rita, ajudando na organiza\u00e7\u00e3o, estrutura e divulga\u00e7\u00e3o.<\/p>\n<p><a href=\"http:\/\/caririemacao.com\/1\/wp-content\/uploads\/2018\/05\/DSC_1010.jpg\"><img decoding=\"async\" class=\"alignnone size-full wp-image-52347 lazyload\" data-src=\"http:\/\/caririemacao.com\/1\/wp-content\/uploads\/2018\/05\/DSC_1010.jpg\" alt=\"\" width=\"1024\" height=\"683\" data-srcset=\"https:\/\/www.caririemacao.com\/1\/wp-content\/uploads\/2018\/05\/DSC_1010.jpg 1024w, https:\/\/www.caririemacao.com\/1\/wp-content\/uploads\/2018\/05\/DSC_1010-300x200.jpg 300w, https:\/\/www.caririemacao.com\/1\/wp-content\/uploads\/2018\/05\/DSC_1010-768x512.jpg 768w\" data-sizes=\"(max-width: 1024px) 100vw, 1024px\" src=\"data:image\/svg+xml;base64,PHN2ZyB3aWR0aD0iMSIgaGVpZ2h0PSIxIiB4bWxucz0iaHR0cDovL3d3dy53My5vcmcvMjAwMC9zdmciPjwvc3ZnPg==\" style=\"--smush-placeholder-width: 1024px; --smush-placeholder-aspect-ratio: 1024\/683;\" \/><\/a><\/p>\n<p>O vice-prefeito, Sebasti\u00e3o Nunes de Sales (Tanta), ao lado de amigos, esteve participando da festa, abra\u00e7ando as pesssoas que estiveram no evento em Santa Rita de Tuparetama\/PE.<\/p>\n<p><a href=\"http:\/\/caririemacao.com\/1\/wp-content\/uploads\/2018\/05\/DSC_0924.jpg\"><img decoding=\"async\" class=\"alignnone size-full wp-image-52342 lazyload\" data-src=\"http:\/\/caririemacao.com\/1\/wp-content\/uploads\/2018\/05\/DSC_0924.jpg\" alt=\"\" width=\"1024\" height=\"683\" data-srcset=\"https:\/\/www.caririemacao.com\/1\/wp-content\/uploads\/2018\/05\/DSC_0924.jpg 1024w, https:\/\/www.caririemacao.com\/1\/wp-content\/uploads\/2018\/05\/DSC_0924-300x200.jpg 300w, https:\/\/www.caririemacao.com\/1\/wp-content\/uploads\/2018\/05\/DSC_0924-768x512.jpg 768w\" data-sizes=\"(max-width: 1024px) 100vw, 1024px\" src=\"data:image\/svg+xml;base64,PHN2ZyB3aWR0aD0iMSIgaGVpZ2h0PSIxIiB4bWxucz0iaHR0cDovL3d3dy53My5vcmcvMjAwMC9zdmciPjwvc3ZnPg==\" style=\"--smush-placeholder-width: 1024px; --smush-placeholder-aspect-ratio: 1024\/683;\" \/><\/a><\/p>\n<p><a href=\"https:\/\/www.facebook.com\/pg\/CaririEmAcao\/photos\/?tab=album&amp;album_id=1249510711851616\">VEJA FOTOS DO EVENTO EM TUPARETAMA\/PE<\/a><\/p>\n<p><strong>CARIRI EM A\u00c7\u00c3O<\/strong><\/p>\n<p>Leia mais not\u00edcias em\u00a0<a style=\"font-style: inherit; font-weight: inherit;\" href=\"http:\/\/www.caririemacao.com\/\">caririemacao.com<\/a>, siga nossa p\u00e1gina no\u00a0<a style=\"font-style: inherit; font-weight: inherit;\" href=\"https:\/\/www.facebook.com\/CaririEmAcao\/?ref=aymt_homepage_panel\">Facebook<\/a>,\u00a0<a style=\"font-style: inherit; font-weight: inherit;\" href=\"https:\/\/www.instagram.com\/cariri_em_acao\/?hl=pt-br\">Instagram<\/a>\u00a0e\u00a0<a style=\"font-style: inherit; font-weight: inherit;\" href=\"https:\/\/www.youtube.com\/channel\/UCAptA0jQuYQy8vMhLt2m4qg\">Youtube<\/a>\u00a0e veja nossas mat\u00e9rias, v\u00eddeos e fotos. Voc\u00ea tamb\u00e9m pode enviar informa\u00e7\u00f5es \u00e0 Reda\u00e7\u00e3o do Portal Cariri em A\u00e7\u00e3o pelo WhatsApp (83) 9 9634.5791, (83) 9 9601-1162.<\/p>\n","protected":false},"excerpt":{"rendered":"<p>A prefeitura de Tuparetama, por meio da Secretaria de Cultura, Desporto e Turismo do Munic\u00edpio esteve apoiando a realiza\u00e7\u00e3o da Festa da Padroeira Santa Rita&hellip; <\/p>\n","protected":false},"author":2,"featured_media":52345,"comment_status":"closed","ping_status":"closed","sticky":false,"template":"","format":"standard","meta":{"sfsi_plus_gutenberg_text_before_share":"","sfsi_plus_gutenberg_show_text_before_share":"","sfsi_plus_gutenberg_icon_type":"","sfsi_plus_gutenberg_icon_alignemt":"","sfsi_plus_gutenburg_max_per_row":"","footnotes":""},"categories":[6,2],"tags":[],"class_list":["post-52340","post","type-post","status-publish","format-standard","has-post-thumbnail","hentry","category-cidades","category-geral"],"_links":{"self":[{"href":"https:\/\/www.caririemacao.com\/1\/wp-json\/wp\/v2\/posts\/52340","targetHints":{"allow":["GET"]}}],"collection":[{"href":"https:\/\/www.caririemacao.com\/1\/wp-json\/wp\/v2\/posts"}],"about":[{"href":"https:\/\/www.caririemacao.com\/1\/wp-json\/wp\/v2\/types\/post"}],"author":[{"embeddable":true,"href":"https:\/\/www.caririemacao.com\/1\/wp-json\/wp\/v2\/users\/2"}],"replies":[{"embeddable":true,"href":"https:\/\/www.caririemacao.com\/1\/wp-json\/wp\/v2\/comments?post=52340"}],"version-history":[{"count":0,"href":"https:\/\/www.caririemacao.com\/1\/wp-json\/wp\/v2\/posts\/52340\/revisions"}],"wp:featuredmedia":[{"embeddable":true,"href":"https:\/\/www.caririemacao.com\/1\/wp-json\/wp\/v2\/media\/52345"}],"wp:attachment":[{"href":"https:\/\/www.caririemacao.com\/1\/wp-json\/wp\/v2\/media?parent=52340"}],"wp:term":[{"taxonomy":"category","embeddable":true,"href":"https:\/\/www.caririemacao.com\/1\/wp-json\/wp\/v2\/categories?post=52340"},{"taxonomy":"post_tag","embeddable":true,"href":"https:\/\/www.caririemacao.com\/1\/wp-json\/wp\/v2\/tags?post=52340"}],"curies":[{"name":"wp","href":"https:\/\/api.w.org\/{rel}","templated":true}]}}