{"id":52352,"date":"2018-05-27T13:26:06","date_gmt":"2018-05-27T16:26:06","guid":{"rendered":"http:\/\/caririemacao.com\/1\/?p=52352"},"modified":"2018-05-27T13:26:06","modified_gmt":"2018-05-27T16:26:06","slug":"ufcg-orienta-que-nao-haja-corte-de-ponto-nem-controle-de-frequencia-nesta-2a-feira","status":"publish","type":"post","link":"https:\/\/www.caririemacao.com\/1\/2018\/05\/27\/ufcg-orienta-que-nao-haja-corte-de-ponto-nem-controle-de-frequencia-nesta-2a-feira\/","title":{"rendered":"UFCG orienta que n\u00e3o haja corte de ponto nem controle de frequ\u00eancia nesta 2\u00aa feira"},"content":{"rendered":"<p>A Reitoria da UFCG divulgou nota tornando praticamente facultativa a presen\u00e7a de alunos, docentes e discentes nesta segunda-feira, em fun\u00e7\u00e3o da paralisa\u00e7\u00e3o dos caminhoneiros e empresas de cargas.<\/p>\n<p><strong>Leia o texto, na \u00edntegra<\/strong><\/p>\n<p>\u201cA Pr\u00f3-Reitoria de Ensino da Universidade Federal de Campina Grande, considerando a redu\u00e7\u00e3o da oferta de transportes coletivos e o desabastecimento dos postos de combust\u00edveis, orienta professores\/as e coordenadores\/as que n\u00e3o realizem controle de frequ\u00eancia dos\/as discentes nessa segunda-feira, dia 28 de maio.<\/p>\n<p>Em situa\u00e7\u00f5es espec\u00edficas, nas quais a aus\u00eancia dos\/as discentes venha a ser majorit\u00e1ria em rela\u00e7\u00e3o \u00e0s presen\u00e7as, sugere-se a suspens\u00e3o, nos citados dias, das atividades acad\u00eamicas, elas devendo ser replanejadas para reposi\u00e7\u00e3o.<\/p>\n<p>Estamos, em conson\u00e2ncia com outras institui\u00e7\u00f5es federais de ensino superior, acompanhando os fatos e suas repercuss\u00f5es.<\/p>\n<p>Campina Grande, 27 de maio de 2018<\/p>\n<p>Alarcon Agra do \u00d3<\/p>\n<p>Pr\u00f3-Reitor de Ensino<\/p>\n<p><strong>CARIRI EM A\u00c7\u00c3O<\/strong><\/p>\n<p>Leia mais not\u00edcias em\u00a0<a style=\"font-style: inherit; font-weight: inherit;\" href=\"http:\/\/www.caririemacao.com\/\">caririemacao.com<\/a>, siga nossa p\u00e1gina no\u00a0<a style=\"font-style: inherit; font-weight: inherit;\" href=\"https:\/\/www.facebook.com\/CaririEmAcao\/?ref=aymt_homepage_panel\">Facebook<\/a>,\u00a0<a style=\"font-style: inherit; font-weight: inherit;\" href=\"https:\/\/www.instagram.com\/cariri_em_acao\/?hl=pt-br\">Instagram<\/a>\u00a0e\u00a0<a style=\"font-style: inherit; font-weight: inherit;\" href=\"https:\/\/www.youtube.com\/channel\/UCAptA0jQuYQy8vMhLt2m4qg\">Youtube<\/a>\u00a0e veja nossas mat\u00e9rias, v\u00eddeos e fotos. Voc\u00ea tamb\u00e9m pode enviar informa\u00e7\u00f5es \u00e0 Reda\u00e7\u00e3o do Portal Cariri em A\u00e7\u00e3o pelo WhatsApp (83) 9 9634.5791, (83) 9 9601-1162.<\/p>\n","protected":false},"excerpt":{"rendered":"<p>A Reitoria da UFCG divulgou nota tornando praticamente facultativa a presen\u00e7a de alunos, docentes e discentes nesta segunda-feira, em fun\u00e7\u00e3o da paralisa\u00e7\u00e3o dos caminhoneiros e&hellip; <\/p>\n","protected":false},"author":2,"featured_media":41320,"comment_status":"closed","ping_status":"closed","sticky":false,"template":"","format":"standard","meta":{"sfsi_plus_gutenberg_text_before_share":"","sfsi_plus_gutenberg_show_text_before_share":"","sfsi_plus_gutenberg_icon_type":"","sfsi_plus_gutenberg_icon_alignemt":"","sfsi_plus_gutenburg_max_per_row":"","footnotes":""},"categories":[14],"tags":[],"class_list":["post-52352","post","type-post","status-publish","format-standard","has-post-thumbnail","hentry","category-educacao"],"_links":{"self":[{"href":"https:\/\/www.caririemacao.com\/1\/wp-json\/wp\/v2\/posts\/52352","targetHints":{"allow":["GET"]}}],"collection":[{"href":"https:\/\/www.caririemacao.com\/1\/wp-json\/wp\/v2\/posts"}],"about":[{"href":"https:\/\/www.caririemacao.com\/1\/wp-json\/wp\/v2\/types\/post"}],"author":[{"embeddable":true,"href":"https:\/\/www.caririemacao.com\/1\/wp-json\/wp\/v2\/users\/2"}],"replies":[{"embeddable":true,"href":"https:\/\/www.caririemacao.com\/1\/wp-json\/wp\/v2\/comments?post=52352"}],"version-history":[{"count":0,"href":"https:\/\/www.caririemacao.com\/1\/wp-json\/wp\/v2\/posts\/52352\/revisions"}],"wp:featuredmedia":[{"embeddable":true,"href":"https:\/\/www.caririemacao.com\/1\/wp-json\/wp\/v2\/media\/41320"}],"wp:attachment":[{"href":"https:\/\/www.caririemacao.com\/1\/wp-json\/wp\/v2\/media?parent=52352"}],"wp:term":[{"taxonomy":"category","embeddable":true,"href":"https:\/\/www.caririemacao.com\/1\/wp-json\/wp\/v2\/categories?post=52352"},{"taxonomy":"post_tag","embeddable":true,"href":"https:\/\/www.caririemacao.com\/1\/wp-json\/wp\/v2\/tags?post=52352"}],"curies":[{"name":"wp","href":"https:\/\/api.w.org\/{rel}","templated":true}]}}