{"id":52379,"date":"2018-05-27T17:07:12","date_gmt":"2018-05-27T20:07:12","guid":{"rendered":"http:\/\/caririemacao.com\/1\/?p=52379"},"modified":"2018-05-27T17:07:12","modified_gmt":"2018-05-27T20:07:12","slug":"prefeitura-de-camalau-adota-medidas-para-manter-servicos-aos-cidadaos","status":"publish","type":"post","link":"https:\/\/www.caririemacao.com\/1\/2018\/05\/27\/prefeitura-de-camalau-adota-medidas-para-manter-servicos-aos-cidadaos\/","title":{"rendered":"Prefeitura de Camala\u00fa adota medidas para manter servi\u00e7os aos cidad\u00e3os"},"content":{"rendered":"<p>O prefeito o munic\u00edpio de Camala\u00fa, Sandro M\u00f4co, determinou na tarde deste domingo (27), a suspen\u00e7\u00e3o de alguns servi\u00e7os oferecidos pela gest\u00e3o municipal.<\/p>\n<p>As medidas foram adotadas em virtude da escassez dos combust\u00edveis para abastecimento da frota, fato que ocorre desde o in\u00edcio da greve dos caminhoneiros que j\u00e1 est\u00e1 em seu 7\u00ba dia. Sandro M\u00f4co fez o comunicado atrav\u00e9s de uma nota.<\/p>\n<p><strong><em>Confira a nota na integra.\u00a0 <\/em><\/strong><\/p>\n<p>Em virtude dos \u00faltimos acontecimentos em nosso pa\u00eds, agravada com a falta de combust\u00edveis, a Prefeitura Municipal de Camala\u00fa vem \u00e0 p\u00fablico comunicar as medidas que est\u00e3o sendo adotadas como forma de minimizar os transtornos \u00e0 toda popula\u00e7\u00e3o:<\/p>\n<p>SA\u00daDE:<\/p>\n<p>&#8211; Os pacientes que fazem tratamento de hemodialise e quimoterapia na cidade de Campina Grande, as viagens continuam normalmente nas segundas, quartas e sextas-feiras;<\/p>\n<p>&#8211; Os exames especializados realizados atrav\u00e9s do CISCO, principalmente nas cidades de Monteiro e Sum\u00e9 est\u00e3o temporariamente suspensos, como tamb\u00e9m, as consultas agendadas em Campina Grande e Jo\u00e3o Pessoa.<\/p>\n<p>-Os atendimentos nas unidades do PSF e centro de sa\u00fade permanece normal;<\/p>\n<p>&#8211; Viagens s\u00f3 ser\u00e3o autorizadas para os casos de URG\u00caNCIA E EMERG\u00caNCIA.<\/p>\n<p>EDUCA\u00c7\u00c3O:<\/p>\n<p>&#8211; As aulas em todas as escolas e creche da rede municipal de ensino est\u00e3o suspensas a partir da pr\u00f3xima segunda-feira;<\/p>\n<p>INFRAESTRUTRA:<\/p>\n<p>&#8211; A coleta de lixo fica normal por enquanto;<\/p>\n<p>&#8211; Os servi\u00e7os de ara\u00e7\u00e3o de terras, patrolagem e recuper\u00e7\u00e3o das estradas vicinais est\u00e3o temporariamente suspensos.<\/p>\n<p>Superado esse dif\u00edcil momento que estamos vivendo, independentemente de outros avisos, os servi\u00e7os voltar\u00e3o a sua total normalidade. Contamos com a compreens\u00e3o de todos.<\/p>\n<p>Camala\u00fa-PB, 27 de maio de 2018.<\/p>\n<p>Prefeito Sandro M\u00f4co<\/p>\n<p>Governo Municipal \u2013 Uma Nova Hist\u00f3ria<\/p>\n<p><strong>CARIRI EM A\u00c7\u00c3O<\/strong><\/p>\n<p>Cariri em A\u00e7\u00e3o com DCS<\/p>\n<p>Leia mais not\u00edcias em\u00a0<a href=\"http:\/\/www.caririemacao.com\/\">caririemacao.com<\/a>, siga nossa p\u00e1gina no\u00a0<a href=\"https:\/\/www.facebook.com\/CaririEmAcao\/?ref=aymt_homepage_panel\">Facebook<\/a>,\u00a0<a href=\"https:\/\/www.instagram.com\/cariri_em_acao\/?hl=pt-br\">Instagram<\/a>\u00a0e\u00a0<a href=\"https:\/\/www.youtube.com\/channel\/UCAptA0jQuYQy8vMhLt2m4qg\">Youtube<\/a>\u00a0e veja nossas mat\u00e9rias, v\u00eddeos e fotos. Voc\u00ea tamb\u00e9m pode enviar informa\u00e7\u00f5es \u00e0 Reda\u00e7\u00e3o do Portal Cariri em A\u00e7\u00e3o pelo WhatsApp (83) 9 9634.5791, (83) 9 9601-1162.<\/p>\n","protected":false},"excerpt":{"rendered":"<p>O prefeito o munic\u00edpio de Camala\u00fa, Sandro M\u00f4co, determinou na tarde deste domingo (27), a suspen\u00e7\u00e3o de alguns servi\u00e7os oferecidos pela gest\u00e3o municipal. As medidas&hellip; <\/p>\n","protected":false},"author":2,"featured_media":42242,"comment_status":"closed","ping_status":"closed","sticky":false,"template":"","format":"standard","meta":{"sfsi_plus_gutenberg_text_before_share":"","sfsi_plus_gutenberg_show_text_before_share":"","sfsi_plus_gutenberg_icon_type":"","sfsi_plus_gutenberg_icon_alignemt":"","sfsi_plus_gutenburg_max_per_row":"","footnotes":""},"categories":[6],"tags":[],"class_list":["post-52379","post","type-post","status-publish","format-standard","has-post-thumbnail","hentry","category-cidades"],"_links":{"self":[{"href":"https:\/\/www.caririemacao.com\/1\/wp-json\/wp\/v2\/posts\/52379","targetHints":{"allow":["GET"]}}],"collection":[{"href":"https:\/\/www.caririemacao.com\/1\/wp-json\/wp\/v2\/posts"}],"about":[{"href":"https:\/\/www.caririemacao.com\/1\/wp-json\/wp\/v2\/types\/post"}],"author":[{"embeddable":true,"href":"https:\/\/www.caririemacao.com\/1\/wp-json\/wp\/v2\/users\/2"}],"replies":[{"embeddable":true,"href":"https:\/\/www.caririemacao.com\/1\/wp-json\/wp\/v2\/comments?post=52379"}],"version-history":[{"count":0,"href":"https:\/\/www.caririemacao.com\/1\/wp-json\/wp\/v2\/posts\/52379\/revisions"}],"wp:featuredmedia":[{"embeddable":true,"href":"https:\/\/www.caririemacao.com\/1\/wp-json\/wp\/v2\/media\/42242"}],"wp:attachment":[{"href":"https:\/\/www.caririemacao.com\/1\/wp-json\/wp\/v2\/media?parent=52379"}],"wp:term":[{"taxonomy":"category","embeddable":true,"href":"https:\/\/www.caririemacao.com\/1\/wp-json\/wp\/v2\/categories?post=52379"},{"taxonomy":"post_tag","embeddable":true,"href":"https:\/\/www.caririemacao.com\/1\/wp-json\/wp\/v2\/tags?post=52379"}],"curies":[{"name":"wp","href":"https:\/\/api.w.org\/{rel}","templated":true}]}}