{"id":52381,"date":"2018-05-27T17:38:50","date_gmt":"2018-05-27T20:38:50","guid":{"rendered":"http:\/\/caririemacao.com\/1\/?p=52381"},"modified":"2018-05-27T17:38:50","modified_gmt":"2018-05-27T20:38:50","slug":"pb-ambulancias-so-serao-usadas-em-casos-de-urgencia-e-emergencia","status":"publish","type":"post","link":"https:\/\/www.caririemacao.com\/1\/2018\/05\/27\/pb-ambulancias-so-serao-usadas-em-casos-de-urgencia-e-emergencia\/","title":{"rendered":"PB: ambul\u00e2ncias s\u00f3 ser\u00e3o usadas em casos de urg\u00eancia e emerg\u00eancia"},"content":{"rendered":"<p>A secret\u00e1ria de Sa\u00fade do Estado, Cl\u00e1udia Veras, enviou um comunicado \u00e0s unidades de sa\u00fade alertando para os cuidados que devem ser tomados enquanto durar a paralisa\u00e7\u00e3o dos caminhoneiros.<\/p>\n<p>Na mensagem, Veras informa que alguns servi\u00e7os j\u00e1 est\u00e3o sendo afetados. Inclusive os carros que fazem parte dos setores administrativos devem ficar recolhidos, dando prioridade para o uso de combust\u00edveis para abastecimento de ambul\u00e2ncias para atendimentos de urg\u00eancia e emerg\u00eancia.<\/p>\n<p>Em rela\u00e7\u00e3o aos casos envolvendo transporte de pacientes para procedimentos eletivos, que podem ser adiados, dever\u00e3o ser comunicados aos usu\u00e1rios e familiares da reprograma\u00e7\u00e3o.<\/p>\n<p>Segundo a secret\u00e1ria, essas medidas s\u00e3o necess\u00e1rias para que o Estado possa garantir a assist\u00eancia \u00e0 sa\u00fade em todas as unidades at\u00e9 que a manifesta\u00e7\u00e3o seja encerrada.<\/p>\n<p><strong>CARIRI EM A\u00c7\u00c3O<\/strong><\/p>\n<p>Com\u00a0MaisPB\u00a0\/Foto: Reprodu\u00e7\u00e3o Internet<\/p>\n<p>Leia mais not\u00edcias em\u00a0<a href=\"http:\/\/www.caririemacao.com\/\">caririemacao.com<\/a>, siga nossa p\u00e1gina no\u00a0<a href=\"https:\/\/www.facebook.com\/CaririEmAcao\/?ref=aymt_homepage_panel\">Facebook<\/a>,\u00a0<a href=\"https:\/\/www.instagram.com\/cariri_em_acao\/?hl=pt-br\">Instagram<\/a>\u00a0e\u00a0<a href=\"https:\/\/www.youtube.com\/channel\/UCAptA0jQuYQy8vMhLt2m4qg\">Youtube<\/a>\u00a0e veja nossas mat\u00e9rias, v\u00eddeos e fotos. Voc\u00ea tamb\u00e9m pode enviar informa\u00e7\u00f5es \u00e0 Reda\u00e7\u00e3o do Portal Cariri em A\u00e7\u00e3o pelo WhatsApp (83) 9 9634.5791, (83) 9 9601-1162.<\/p>\n","protected":false},"excerpt":{"rendered":"<p>A secret\u00e1ria de Sa\u00fade do Estado, Cl\u00e1udia Veras, enviou um comunicado \u00e0s unidades de sa\u00fade alertando para os cuidados que devem ser tomados enquanto durar&hellip; <\/p>\n","protected":false},"author":2,"featured_media":52385,"comment_status":"closed","ping_status":"closed","sticky":false,"template":"","format":"standard","meta":{"sfsi_plus_gutenberg_text_before_share":"","sfsi_plus_gutenberg_show_text_before_share":"","sfsi_plus_gutenberg_icon_type":"","sfsi_plus_gutenberg_icon_alignemt":"","sfsi_plus_gutenburg_max_per_row":"","footnotes":""},"categories":[16],"tags":[],"class_list":["post-52381","post","type-post","status-publish","format-standard","has-post-thumbnail","hentry","category-saude"],"_links":{"self":[{"href":"https:\/\/www.caririemacao.com\/1\/wp-json\/wp\/v2\/posts\/52381","targetHints":{"allow":["GET"]}}],"collection":[{"href":"https:\/\/www.caririemacao.com\/1\/wp-json\/wp\/v2\/posts"}],"about":[{"href":"https:\/\/www.caririemacao.com\/1\/wp-json\/wp\/v2\/types\/post"}],"author":[{"embeddable":true,"href":"https:\/\/www.caririemacao.com\/1\/wp-json\/wp\/v2\/users\/2"}],"replies":[{"embeddable":true,"href":"https:\/\/www.caririemacao.com\/1\/wp-json\/wp\/v2\/comments?post=52381"}],"version-history":[{"count":0,"href":"https:\/\/www.caririemacao.com\/1\/wp-json\/wp\/v2\/posts\/52381\/revisions"}],"wp:featuredmedia":[{"embeddable":true,"href":"https:\/\/www.caririemacao.com\/1\/wp-json\/wp\/v2\/media\/52385"}],"wp:attachment":[{"href":"https:\/\/www.caririemacao.com\/1\/wp-json\/wp\/v2\/media?parent=52381"}],"wp:term":[{"taxonomy":"category","embeddable":true,"href":"https:\/\/www.caririemacao.com\/1\/wp-json\/wp\/v2\/categories?post=52381"},{"taxonomy":"post_tag","embeddable":true,"href":"https:\/\/www.caririemacao.com\/1\/wp-json\/wp\/v2\/tags?post=52381"}],"curies":[{"name":"wp","href":"https:\/\/api.w.org\/{rel}","templated":true}]}}