{"id":52383,"date":"2018-05-27T17:40:43","date_gmt":"2018-05-27T20:40:43","guid":{"rendered":"http:\/\/caririemacao.com\/1\/?p=52383"},"modified":"2018-05-27T17:40:43","modified_gmt":"2018-05-27T20:40:43","slug":"ricardo-e-governadores-acusam-temer-de-transferir-culpa-para-estados","status":"publish","type":"post","link":"https:\/\/www.caririemacao.com\/1\/2018\/05\/27\/ricardo-e-governadores-acusam-temer-de-transferir-culpa-para-estados\/","title":{"rendered":"Ricardo e governadores acusam Temer de transferir culpa para estados"},"content":{"rendered":"<p>O governador Ricardo Coutinho (PSB) e outros governadores de estados do Nordeste e Minas Gerais est\u00e3o acusando o governo federal ter tentar transferir para os governos estaduais a responsabilidade pela solu\u00e7\u00e3o da crise dos caminhoneiros que bloqueiam as estradas brasileiras.<\/p>\n<p>Em carta aberta \u00e0 popula\u00e7\u00e3o, eles acusam o governo e classificam a pol\u00edtica de pre\u00e7os dos combust\u00edveis da Petrobr\u00e1s de \u201cabsurda, perversa e irrespons\u00e1vel\u201d.<\/p>\n<p>Assinada pelos governadores da regi\u00e3o da Superintend\u00eancia de Desenvolvimento do Nordeste (Sudene) \u2013 Bahia, Cear\u00e1, Para\u00edba, Pernambuco, Piau\u00ed, Sergipe e Minas Gerais \u2013 a carta diz que o governo tenta fugir \u00e0s suas responsabilidades convocando os governos estaduais a renunciar \u00e0 arrecada\u00e7\u00e3o do ICMS para atender demandas dos representantes dos transportadores participantes da paralisa\u00e7\u00e3o.<\/p>\n<p>Para os governadores, a pol\u00edtica da Petrobr\u00e1s toma por base a premissa de que a empresa deve precificar seus produtos sempre em patamares superiores aos do mercado internacional, acompanhando as suas oscila\u00e7\u00f5es apenas quando h\u00e1 eleva\u00e7\u00e3o de pre\u00e7os, sem jamais repassar aos consumidores brasileiros as suas eventuais redu\u00e7\u00f5es.<\/p>\n<p>Em reuni\u00e3o na sexta-feira, o presidente Michel Temer pediu apoio dos Estados e prop\u00f4s uma mudan\u00e7a na forma de cobran\u00e7a do ICMS. N\u00e3o se trata, por\u00e9m, de uma redu\u00e7\u00e3o das al\u00edquotas. O ICMS \u00e9 o tributo que tem maior peso no pre\u00e7o do diesel, entre 12% a 25%, a depender de cada Estado. Uma reuni\u00e3o do Conselho Nacional de Pol\u00edtica Fazend\u00e1ria (Confaz) est\u00e1 marcada para a pr\u00f3xima semana para deliberar sobre proposta. Para ser aprovada \u00e9 preciso de maioria simples.<\/p>\n<p>\u201cColocar sobre os Estados Federados o \u00f4nus de qualquer redu\u00e7\u00e3o da al\u00edquota sobre os combust\u00edveis \u2013 al\u00e9m de ser desrespeitoso \u2013 \u00e9 atitude inconsequente e, por isso mesmo, inaceit\u00e1vel\u201d, criticam os governadores.<\/p>\n<p>Eles tamb\u00e9m criticam a zeragem da Cide sobre o diesel, tributo que \u00e9 dividido com Estados e munic\u00edpios e destinado \u00e0 manuten\u00e7\u00e3o das rodovias.<\/p>\n<p>Para os governadores, \u00e9 absolutamente incompreens\u00edvel que o governo autorize a Petrobras a adotar uma pol\u00edtica de pre\u00e7os direcionada, unicamente, \u00e0 \u201cobten\u00e7\u00e3o de lucro e ao ac\u00famulo de receitas\u201d nesse momento de grande dificuldade do Pa\u00eds. Eles pedem a revis\u00e3o \u201ccom urg\u00eancia\u201d da pol\u00edtica comercial da Petrobras, diante do impacto para os pre\u00e7os dos derivados de petr\u00f3leo.<\/p>\n<p><strong>CARIRI EM A\u00c7\u00c3O<\/strong><\/p>\n<p>Com Estad\u00e3o \/Foto: Cariri em A\u00e7\u00e3o<\/p>\n<p>Leia mais not\u00edcias em\u00a0<a href=\"http:\/\/www.caririemacao.com\/\">caririemacao.com<\/a>, siga nossa p\u00e1gina no\u00a0<a href=\"https:\/\/www.facebook.com\/CaririEmAcao\/?ref=aymt_homepage_panel\">Facebook<\/a>,\u00a0<a href=\"https:\/\/www.instagram.com\/cariri_em_acao\/?hl=pt-br\">Instagram<\/a>\u00a0e\u00a0<a href=\"https:\/\/www.youtube.com\/channel\/UCAptA0jQuYQy8vMhLt2m4qg\">Youtube<\/a>\u00a0e veja nossas mat\u00e9rias, v\u00eddeos e fotos. Voc\u00ea tamb\u00e9m pode enviar informa\u00e7\u00f5es \u00e0 Reda\u00e7\u00e3o do Portal Cariri em A\u00e7\u00e3o pelo WhatsApp (83) 9 9634.5791, (83) 9 9601-1162.<\/p>\n","protected":false},"excerpt":{"rendered":"<p>O governador Ricardo Coutinho (PSB) e outros governadores de estados do Nordeste e Minas Gerais est\u00e3o acusando o governo federal ter tentar transferir para os&hellip; <\/p>\n","protected":false},"author":2,"featured_media":43797,"comment_status":"closed","ping_status":"closed","sticky":false,"template":"","format":"standard","meta":{"sfsi_plus_gutenberg_text_before_share":"","sfsi_plus_gutenberg_show_text_before_share":"","sfsi_plus_gutenberg_icon_type":"","sfsi_plus_gutenberg_icon_alignemt":"","sfsi_plus_gutenburg_max_per_row":"","footnotes":""},"categories":[11],"tags":[],"class_list":["post-52383","post","type-post","status-publish","format-standard","has-post-thumbnail","hentry","category-politica"],"_links":{"self":[{"href":"https:\/\/www.caririemacao.com\/1\/wp-json\/wp\/v2\/posts\/52383","targetHints":{"allow":["GET"]}}],"collection":[{"href":"https:\/\/www.caririemacao.com\/1\/wp-json\/wp\/v2\/posts"}],"about":[{"href":"https:\/\/www.caririemacao.com\/1\/wp-json\/wp\/v2\/types\/post"}],"author":[{"embeddable":true,"href":"https:\/\/www.caririemacao.com\/1\/wp-json\/wp\/v2\/users\/2"}],"replies":[{"embeddable":true,"href":"https:\/\/www.caririemacao.com\/1\/wp-json\/wp\/v2\/comments?post=52383"}],"version-history":[{"count":0,"href":"https:\/\/www.caririemacao.com\/1\/wp-json\/wp\/v2\/posts\/52383\/revisions"}],"wp:featuredmedia":[{"embeddable":true,"href":"https:\/\/www.caririemacao.com\/1\/wp-json\/wp\/v2\/media\/43797"}],"wp:attachment":[{"href":"https:\/\/www.caririemacao.com\/1\/wp-json\/wp\/v2\/media?parent=52383"}],"wp:term":[{"taxonomy":"category","embeddable":true,"href":"https:\/\/www.caririemacao.com\/1\/wp-json\/wp\/v2\/categories?post=52383"},{"taxonomy":"post_tag","embeddable":true,"href":"https:\/\/www.caririemacao.com\/1\/wp-json\/wp\/v2\/tags?post=52383"}],"curies":[{"name":"wp","href":"https:\/\/api.w.org\/{rel}","templated":true}]}}