{"id":52387,"date":"2018-05-27T17:46:33","date_gmt":"2018-05-27T20:46:33","guid":{"rendered":"http:\/\/caririemacao.com\/1\/?p=52387"},"modified":"2018-05-27T17:46:33","modified_gmt":"2018-05-27T20:46:33","slug":"uepb-suspende-atividades-desta-segunda","status":"publish","type":"post","link":"https:\/\/www.caririemacao.com\/1\/2018\/05\/27\/uepb-suspende-atividades-desta-segunda\/","title":{"rendered":"UEPB suspende atividades desta segunda"},"content":{"rendered":"<p>A Reitoria da Universidade Estadual da Para\u00edba informou neste domingo (27) que suspendeu as atividades desta segunda-feira (28) devido aos protestos de caminhoneiros que atingem todo pa\u00eds e impossibilitam o abastecimento de ve\u00edculos.<\/p>\n<p>O reitor Rangel Junior ressaltou que nenhuma atividade acad\u00eamica deve ser agendada para esta segunda e frisou que, somente a partir de uma nova an\u00e1lise, na segunda, ser\u00e1 poss\u00edvel informar se na ter\u00e7a-feira (29) a situa\u00e7\u00e3o estar\u00e1 normalizada.<\/p>\n<p>A medida, al\u00e9m de refletir a preocupa\u00e7\u00e3o do reitor Rangel Junior e da comunidade acad\u00eamica com a conjuntura instalada no pa\u00eds, atende tamb\u00e9m a uma solicita\u00e7\u00e3o do Sindicato dos Trabalhadores em Ensino Superior do Estado da Para\u00edba (SINTESPB\/UEPB) para evitar preju\u00edzos \u00e0 comunidade universit\u00e1ria que, costumeiramente, precisa se deslocar de cidades fora da sede do local de estudo ou trabalho, bem como precisa de transporte pr\u00f3prio ou coletivo, quando coincidem moradia e local de atividade na mesma cidade, o que est\u00e1 sendo impossibilitado devido ao desabastecimento de combust\u00edveis.<\/p>\n<p>Rangel ainda fez um apelo aos professores e t\u00e9cnicos que desempenham atividades administrativas para que, dentro do poss\u00edvel, possam compartilhar carona e comparecer aos seus locais de trabalho para garantir atividades essenciais e\/ou o cumprimento de quaisquer prazos que, porventura, n\u00e3o tendo o trabalho realizado, possam comprometer conv\u00eanios, programas ou contratos necess\u00e1rios para o funcionamento da UEPB. \u201cN\u00e3o \u00e9 uma imposi\u00e7\u00e3o. Trata-se de um apelo no sentido de um esfor\u00e7o para garantir o m\u00ednimo de atividades\u201d, salientou.<\/p>\n<p><strong>CARIRI EM A\u00c7\u00c3O<\/strong><\/p>\n<p>Com\u00a0MaisPB\/ Foto: Reprodu\u00e7\u00e3o Internet<\/p>\n<p>Leia mais not\u00edcias em\u00a0<a href=\"http:\/\/www.caririemacao.com\/\">caririemacao.com<\/a>, siga nossa p\u00e1gina no\u00a0<a href=\"https:\/\/www.facebook.com\/CaririEmAcao\/?ref=aymt_homepage_panel\">Facebook<\/a>,\u00a0<a href=\"https:\/\/www.instagram.com\/cariri_em_acao\/?hl=pt-br\">Instagram<\/a>\u00a0e\u00a0<a href=\"https:\/\/www.youtube.com\/channel\/UCAptA0jQuYQy8vMhLt2m4qg\">Youtube<\/a>\u00a0e veja nossas mat\u00e9rias, v\u00eddeos e fotos. Voc\u00ea tamb\u00e9m pode enviar informa\u00e7\u00f5es \u00e0 Reda\u00e7\u00e3o do Portal Cariri em A\u00e7\u00e3o pelo WhatsApp (83) 9 9634.5791, (83) 9 9601-1162.<\/p>\n","protected":false},"excerpt":{"rendered":"<p>A Reitoria da Universidade Estadual da Para\u00edba informou neste domingo (27) que suspendeu as atividades desta segunda-feira (28) devido aos protestos de caminhoneiros que atingem&hellip; <\/p>\n","protected":false},"author":2,"featured_media":9765,"comment_status":"closed","ping_status":"closed","sticky":false,"template":"","format":"standard","meta":{"sfsi_plus_gutenberg_text_before_share":"","sfsi_plus_gutenberg_show_text_before_share":"","sfsi_plus_gutenberg_icon_type":"","sfsi_plus_gutenberg_icon_alignemt":"","sfsi_plus_gutenburg_max_per_row":"","footnotes":""},"categories":[2],"tags":[],"class_list":["post-52387","post","type-post","status-publish","format-standard","has-post-thumbnail","hentry","category-geral"],"_links":{"self":[{"href":"https:\/\/www.caririemacao.com\/1\/wp-json\/wp\/v2\/posts\/52387","targetHints":{"allow":["GET"]}}],"collection":[{"href":"https:\/\/www.caririemacao.com\/1\/wp-json\/wp\/v2\/posts"}],"about":[{"href":"https:\/\/www.caririemacao.com\/1\/wp-json\/wp\/v2\/types\/post"}],"author":[{"embeddable":true,"href":"https:\/\/www.caririemacao.com\/1\/wp-json\/wp\/v2\/users\/2"}],"replies":[{"embeddable":true,"href":"https:\/\/www.caririemacao.com\/1\/wp-json\/wp\/v2\/comments?post=52387"}],"version-history":[{"count":0,"href":"https:\/\/www.caririemacao.com\/1\/wp-json\/wp\/v2\/posts\/52387\/revisions"}],"wp:featuredmedia":[{"embeddable":true,"href":"https:\/\/www.caririemacao.com\/1\/wp-json\/wp\/v2\/media\/9765"}],"wp:attachment":[{"href":"https:\/\/www.caririemacao.com\/1\/wp-json\/wp\/v2\/media?parent=52387"}],"wp:term":[{"taxonomy":"category","embeddable":true,"href":"https:\/\/www.caririemacao.com\/1\/wp-json\/wp\/v2\/categories?post=52387"},{"taxonomy":"post_tag","embeddable":true,"href":"https:\/\/www.caririemacao.com\/1\/wp-json\/wp\/v2\/tags?post=52387"}],"curies":[{"name":"wp","href":"https:\/\/api.w.org\/{rel}","templated":true}]}}