{"id":52389,"date":"2018-05-27T17:50:08","date_gmt":"2018-05-27T20:50:08","guid":{"rendered":"http:\/\/caririemacao.com\/1\/?p=52389"},"modified":"2018-05-27T17:52:46","modified_gmt":"2018-05-27T20:52:46","slug":"bolsonaro-perdidao-na-greve-dos-caminhoneiros","status":"publish","type":"post","link":"https:\/\/www.caririemacao.com\/1\/2018\/05\/27\/bolsonaro-perdidao-na-greve-dos-caminhoneiros\/","title":{"rendered":"Bolsonaro perdid\u00e3o na greve dos caminhoneiros"},"content":{"rendered":"<p>At\u00e9 agora, Jair Bolsonaro n\u00e3o se pronunciou sobre o uso das For\u00e7as Armadas para garantir o lucro dos especuladores na Petrobras. A ordem de Michel Temer \u00e9 reprimir caminhoneiros em greve h\u00e1 uma semana contra os aumentos abusivos nos combust\u00edveis.<\/p>\n<p>\u201cQualquer multa, confisco ou pris\u00e3o imposta aos caminhoneiros por Temer\/Jungmann, ser\u00e1 revogada por um futuro presidente honesto\/patriota\u201d, tuitou neste domingo (27) Bolsonaro.<\/p>\n<p>Sobre a pol\u00edtica de reajuste de pre\u00e7os da Petrobras, atrelada \u00e0 varia\u00e7\u00e3o cambial e \u00e0 cota\u00e7\u00e3o internacional do petr\u00f3leo, Bolsonaro arriscou: \u201cos reajustes s\u00e3o para tapar buraco da corrup\u00e7\u00e3o e agradar os governadores, que arrecadariam mais com ICMS\u201d. N\u00e3o, n\u00e3o \u00e9 verdade caro candidato.<\/p>\n<p>Os reajustes nos combust\u00edveis s\u00e3o para alimentar os sanguessugas dos acionistas privados da Petrobras, que sequer moram no Brasil. Portanto, Bolsonaro, \u00e9 preciso demitir o presidente da estatal, Pedro Parente, e mudar a pol\u00edtica de reajuste nos pre\u00e7os.<\/p>\n<p><strong>CARIRI EM A\u00c7\u00c3O<\/strong><\/p>\n<p>Com esmaelmorais\/Foto:Reprodu\u00e7\u00e3o Internet<\/p>\n<p>Leia mais not\u00edcias em\u00a0<a href=\"http:\/\/www.caririemacao.com\/\">caririemacao.com<\/a>, siga nossa p\u00e1gina no\u00a0<a href=\"https:\/\/www.facebook.com\/CaririEmAcao\/?ref=aymt_homepage_panel\">Facebook<\/a>,\u00a0<a href=\"https:\/\/www.instagram.com\/cariri_em_acao\/?hl=pt-br\">Instagram<\/a>\u00a0e\u00a0<a href=\"https:\/\/www.youtube.com\/channel\/UCAptA0jQuYQy8vMhLt2m4qg\">Youtube<\/a>\u00a0e veja nossas mat\u00e9rias, v\u00eddeos e fotos. Voc\u00ea tamb\u00e9m pode enviar informa\u00e7\u00f5es \u00e0 Reda\u00e7\u00e3o do Portal Cariri em A\u00e7\u00e3o pelo WhatsApp (83) 9 9634.5791, (83) 9 9601-1162.<\/p>\n","protected":false},"excerpt":{"rendered":"<p>At\u00e9 agora, Jair Bolsonaro n\u00e3o se pronunciou sobre o uso das For\u00e7as Armadas para garantir o lucro dos especuladores na Petrobras. A ordem de Michel&hellip; <\/p>\n","protected":false},"author":2,"featured_media":35582,"comment_status":"closed","ping_status":"closed","sticky":false,"template":"","format":"standard","meta":{"sfsi_plus_gutenberg_text_before_share":"","sfsi_plus_gutenberg_show_text_before_share":"","sfsi_plus_gutenberg_icon_type":"","sfsi_plus_gutenberg_icon_alignemt":"","sfsi_plus_gutenburg_max_per_row":"","footnotes":""},"categories":[11],"tags":[],"class_list":["post-52389","post","type-post","status-publish","format-standard","has-post-thumbnail","hentry","category-politica"],"_links":{"self":[{"href":"https:\/\/www.caririemacao.com\/1\/wp-json\/wp\/v2\/posts\/52389","targetHints":{"allow":["GET"]}}],"collection":[{"href":"https:\/\/www.caririemacao.com\/1\/wp-json\/wp\/v2\/posts"}],"about":[{"href":"https:\/\/www.caririemacao.com\/1\/wp-json\/wp\/v2\/types\/post"}],"author":[{"embeddable":true,"href":"https:\/\/www.caririemacao.com\/1\/wp-json\/wp\/v2\/users\/2"}],"replies":[{"embeddable":true,"href":"https:\/\/www.caririemacao.com\/1\/wp-json\/wp\/v2\/comments?post=52389"}],"version-history":[{"count":0,"href":"https:\/\/www.caririemacao.com\/1\/wp-json\/wp\/v2\/posts\/52389\/revisions"}],"wp:featuredmedia":[{"embeddable":true,"href":"https:\/\/www.caririemacao.com\/1\/wp-json\/wp\/v2\/media\/35582"}],"wp:attachment":[{"href":"https:\/\/www.caririemacao.com\/1\/wp-json\/wp\/v2\/media?parent=52389"}],"wp:term":[{"taxonomy":"category","embeddable":true,"href":"https:\/\/www.caririemacao.com\/1\/wp-json\/wp\/v2\/categories?post=52389"},{"taxonomy":"post_tag","embeddable":true,"href":"https:\/\/www.caririemacao.com\/1\/wp-json\/wp\/v2\/tags?post=52389"}],"curies":[{"name":"wp","href":"https:\/\/api.w.org\/{rel}","templated":true}]}}