{"id":52393,"date":"2018-05-27T18:04:32","date_gmt":"2018-05-27T21:04:32","guid":{"rendered":"http:\/\/caririemacao.com\/1\/?p=52393"},"modified":"2018-05-27T18:04:32","modified_gmt":"2018-05-27T21:04:32","slug":"no-whatsapp-caminhoneiros-dizem-que-greve-esta-longe-do-fim","status":"publish","type":"post","link":"https:\/\/www.caririemacao.com\/1\/2018\/05\/27\/no-whatsapp-caminhoneiros-dizem-que-greve-esta-longe-do-fim\/","title":{"rendered":"No WhatsApp, caminhoneiros dizem que greve est\u00e1 longe do fim"},"content":{"rendered":"<p>A libera\u00e7\u00e3o de alguns trechos de estradas, como em S\u00e3o Paulo, est\u00e1 longe de significar o fim da greve. Nos grupos de WhatsApp dos caminhoneiros, a ordem \u00e9 manter a paralisa\u00e7\u00e3o, pelo menos, at\u00e9 ter\u00e7a-feira (29). Por ora, a maioria concordou em liberar as estradas e continuarem estacionados em pontos estrat\u00e9gicos.<\/p>\n<p>Mas, nas \u00faltimas postagens, lideran\u00e7as dos caminhoneiros come\u00e7am a organizar novas paralisa\u00e7\u00f5es a partir de amanh\u00e3, \u00e0s 8 horas. Num v\u00eddeo que est\u00e1 circulando nos grupos de WhatsApp, representantes chamam, al\u00e9m dos caminhoneiros, ve\u00edculos de passeio para parar as BRs. Al\u00e9m disso, uma manifesta\u00e7\u00e3o em pontos estrat\u00e9gicos das principais capitais tamb\u00e9m est\u00e1 sendo organizada.<\/p>\n<p>Pelo tom das conversas, as reivindica\u00e7\u00f5es v\u00e3o al\u00e9m do problema do pre\u00e7o do diesel. Depois da dimens\u00e3o que a greve tomou nos \u00faltimos dias, os motoristas acreditam que podem mudar o rumo do Pa\u00eds. Cada um tem uma tese, mas todos apostam no for\u00e7a do ex\u00e9rcito como aliada e na interven\u00e7\u00e3o militar como solu\u00e7\u00e3o para os problemas do pa\u00eds.<\/p>\n<p>Alguns v\u00eddeos mostram a atua\u00e7\u00e3o dos soldados acionados para liberar as estradas. Eles s\u00e3o recepcionados com palmas e contin\u00eancia pelos caminhoneiros, que prometem manter um protesto pac\u00edfico, o que \u00e9 apoiado pelos soldados. Em outros v\u00eddeos, a pol\u00edcia militar tamb\u00e9m demonstra apoio aos grevistas.<\/p>\n<p><strong>CARIRI EM A\u00c7\u00c3O<\/strong><\/p>\n<p>Com Uol\/ Foto: Reprodu\u00e7\u00e3o Internet<\/p>\n<p>Leia mais not\u00edcias em\u00a0<a href=\"http:\/\/www.caririemacao.com\/\">caririemacao.com<\/a>, siga nossa p\u00e1gina no\u00a0<a href=\"https:\/\/www.facebook.com\/CaririEmAcao\/?ref=aymt_homepage_panel\">Facebook<\/a>,\u00a0<a href=\"https:\/\/www.instagram.com\/cariri_em_acao\/?hl=pt-br\">Instagram<\/a>\u00a0e\u00a0<a href=\"https:\/\/www.youtube.com\/channel\/UCAptA0jQuYQy8vMhLt2m4qg\">Youtube<\/a>\u00a0e veja nossas mat\u00e9rias, v\u00eddeos e fotos. Voc\u00ea tamb\u00e9m pode enviar informa\u00e7\u00f5es \u00e0 Reda\u00e7\u00e3o do Portal Cariri em A\u00e7\u00e3o pelo WhatsApp (83) 9 9634.5791, (83) 9 9601-1162.<\/p>\n","protected":false},"excerpt":{"rendered":"<p>A libera\u00e7\u00e3o de alguns trechos de estradas, como em S\u00e3o Paulo, est\u00e1 longe de significar o fim da greve. Nos grupos de WhatsApp dos caminhoneiros,&hellip; <\/p>\n","protected":false},"author":2,"featured_media":52394,"comment_status":"closed","ping_status":"closed","sticky":false,"template":"","format":"standard","meta":{"sfsi_plus_gutenberg_text_before_share":"","sfsi_plus_gutenberg_show_text_before_share":"","sfsi_plus_gutenberg_icon_type":"","sfsi_plus_gutenberg_icon_alignemt":"","sfsi_plus_gutenburg_max_per_row":"","footnotes":""},"categories":[2],"tags":[],"class_list":["post-52393","post","type-post","status-publish","format-standard","has-post-thumbnail","hentry","category-geral"],"_links":{"self":[{"href":"https:\/\/www.caririemacao.com\/1\/wp-json\/wp\/v2\/posts\/52393","targetHints":{"allow":["GET"]}}],"collection":[{"href":"https:\/\/www.caririemacao.com\/1\/wp-json\/wp\/v2\/posts"}],"about":[{"href":"https:\/\/www.caririemacao.com\/1\/wp-json\/wp\/v2\/types\/post"}],"author":[{"embeddable":true,"href":"https:\/\/www.caririemacao.com\/1\/wp-json\/wp\/v2\/users\/2"}],"replies":[{"embeddable":true,"href":"https:\/\/www.caririemacao.com\/1\/wp-json\/wp\/v2\/comments?post=52393"}],"version-history":[{"count":0,"href":"https:\/\/www.caririemacao.com\/1\/wp-json\/wp\/v2\/posts\/52393\/revisions"}],"wp:featuredmedia":[{"embeddable":true,"href":"https:\/\/www.caririemacao.com\/1\/wp-json\/wp\/v2\/media\/52394"}],"wp:attachment":[{"href":"https:\/\/www.caririemacao.com\/1\/wp-json\/wp\/v2\/media?parent=52393"}],"wp:term":[{"taxonomy":"category","embeddable":true,"href":"https:\/\/www.caririemacao.com\/1\/wp-json\/wp\/v2\/categories?post=52393"},{"taxonomy":"post_tag","embeddable":true,"href":"https:\/\/www.caririemacao.com\/1\/wp-json\/wp\/v2\/tags?post=52393"}],"curies":[{"name":"wp","href":"https:\/\/api.w.org\/{rel}","templated":true}]}}