{"id":52398,"date":"2018-05-27T08:09:58","date_gmt":"2018-05-27T11:09:58","guid":{"rendered":"http:\/\/caririemacao.com\/1\/?p=52398"},"modified":"2018-05-27T18:12:16","modified_gmt":"2018-05-27T21:12:16","slug":"jovem-que-participou-do-assassinato-de-gerente-de-posto-em-joao-pessoa-e-presidiario-do-regime-semiaberto","status":"publish","type":"post","link":"https:\/\/www.caririemacao.com\/1\/2018\/05\/27\/jovem-que-participou-do-assassinato-de-gerente-de-posto-em-joao-pessoa-e-presidiario-do-regime-semiaberto\/","title":{"rendered":"Jovem que participou do assassinato de gerente de posto em Jo\u00e3o Pessoa \u00e9 presidi\u00e1rio do regime semiaberto"},"content":{"rendered":"<p>Eri Jonhson da Silva Monteiro, 26 anos. Esse o nome de um dos suspeitos de participar do assassinato de Severino Marciel, 50 anos, morto na tarde deste s\u00e1bado(26), dentro de um posto de combust\u00edveis, no bairro de Mana\u00edra, em Jo\u00e3o Pessoa. Ele est\u00e1 preso.<\/p>\n<p>Segundo a Pol\u00edcia Civil, Eri Jonhson \u00e9 presidi\u00e1rio do regime semiaberto condenado por tr\u00e1fico de drogas. Ele foi detido e espancado pela popula\u00e7\u00e3o ap\u00f3s participar do crime. Ferido, foi levado para o Hospital de Trauma de Jo\u00e3o Pessoa e levado para a Central de Policia na Capital.<span class=\"Apple-converted-space\">\u00a0<\/span><\/p>\n<p>O homem apontado como sendo o autor dos tiros que mataram o gerente continuava foragido, at\u00e9 a publica\u00e7\u00e3o da reportagem.<span class=\"Apple-converted-space\">\u00a0<\/span><\/p>\n<p>Morte<\/p>\n<p>Severino Marciel estava de folga quando foi morto. Ele tinha acabo de deixar a esposa no ECC quando foi baleado e morto na tentativa de assalto.<\/p>\n<p>Parentes revelaram que Severino tinha ido deixar a esposa no Encontro de Casais com Cristo (ECC), mas teve que ir at\u00e9 o posto devido a carga de gasolina que tinha chegado.<\/p>\n<p>\u201cEle foi ao posto apenas para morrer. Logo depois que deixou a mulher no ECC ele foi ao posto quando tudo aconteceu. Marciel era uma pessoa maravilhosa, n\u00e3o bebia, n\u00e3o fumava. Uma trag\u00e9dia que ainda n\u00e3o acreditamos\u201d, disse um dos parentes do gerente assassinado.<\/p>\n<p>Marciel estava h\u00e1 7 anos morando em Jo\u00e3o Pessoa depois de passar 30 anos trabalhando como gerente de posto em S\u00e3o Paulo. Ele deixou dois filhos.<\/p>\n<p>Crime<\/p>\n<p>O gerente\u00a0 Severino Marciel, 50 anos, foi baleado no peito e morreu durante o socorro ao hospital. Ele era gerente do posto de combust\u00edvel invadido neste s\u00e1bado (26), em Mana\u00edra, durante uma tentativa de assalto.<\/p>\n<p>Segunda Pol\u00edcia Militar, dois homens chegaram no posto em uma moto e o garupa desceu e fica at\u00e9 o escrit\u00f3rio onde estava o gerente.<\/p>\n<p>Houve um luta corporal entre eles o bandido atirou. O gerente foi atingido com v\u00e1rios tiros. Ele foi socorrido para o Trauma de Jo\u00e3o Pessoa, mas morreu.<\/p>\n<p>O suspeito que atirou foi espancado pelos frentistas e ficou ferido. Ele foi levado pelo Samu para o Trauma algemado. J\u00e1 o criminoso que pilotava a moto fugiu. A Pol\u00edcia Militar faz buscas para prend\u00ea-lo. At\u00e9 a publica\u00e7\u00e3o da reportagem, o suspeito n\u00e3o tinha sido preso.<\/p>\n<p>De acordo com testemunhas, no momento do crime, v\u00e1rios ve\u00edculos estavam no local formam filas e grande movimento devido o problema de abastecimento que vem sendo recorrente em postos de todo o Brasil com a greve dos caminhoneiros.<\/p>\n<p><strong>CARIRI EM A\u00c7\u00c3O<\/strong><\/p>\n<p>Com PBHJ\/Foto:Reprodu\u00e7\u00e3o Internet<\/p>\n<p>Leia mais not\u00edcias em\u00a0<a style=\"font-style: inherit; font-weight: inherit;\" href=\"http:\/\/www.caririemacao.com\/\">caririemacao.com<\/a>, siga nossa p\u00e1gina no\u00a0<a style=\"font-style: inherit; font-weight: inherit;\" href=\"https:\/\/www.facebook.com\/CaririEmAcao\/?ref=aymt_homepage_panel\">Facebook<\/a>,\u00a0<a style=\"font-style: inherit; font-weight: inherit;\" href=\"https:\/\/www.instagram.com\/cariri_em_acao\/?hl=pt-br\">Instagram<\/a>\u00a0e\u00a0<a style=\"font-style: inherit; font-weight: inherit;\" href=\"https:\/\/www.youtube.com\/channel\/UCAptA0jQuYQy8vMhLt2m4qg\">Youtube<\/a>\u00a0e veja nossas mat\u00e9rias, v\u00eddeos e fotos. Voc\u00ea tamb\u00e9m pode enviar informa\u00e7\u00f5es \u00e0 Reda\u00e7\u00e3o do Portal Cariri em A\u00e7\u00e3o pelo WhatsApp (83) 9 9634.5791, (83) 9 9601-1162.<\/p>\n<p>&nbsp;<\/p>\n","protected":false},"excerpt":{"rendered":"<p>Eri Jonhson da Silva Monteiro, 26 anos. Esse o nome de um dos suspeitos de participar do assassinato de Severino Marciel, 50 anos, morto na&hellip; <\/p>\n","protected":false},"author":2,"featured_media":21142,"comment_status":"closed","ping_status":"closed","sticky":false,"template":"","format":"standard","meta":{"sfsi_plus_gutenberg_text_before_share":"","sfsi_plus_gutenberg_show_text_before_share":"","sfsi_plus_gutenberg_icon_type":"","sfsi_plus_gutenberg_icon_alignemt":"","sfsi_plus_gutenburg_max_per_row":"","footnotes":""},"categories":[12],"tags":[],"class_list":["post-52398","post","type-post","status-publish","format-standard","has-post-thumbnail","hentry","category-policia"],"_links":{"self":[{"href":"https:\/\/www.caririemacao.com\/1\/wp-json\/wp\/v2\/posts\/52398","targetHints":{"allow":["GET"]}}],"collection":[{"href":"https:\/\/www.caririemacao.com\/1\/wp-json\/wp\/v2\/posts"}],"about":[{"href":"https:\/\/www.caririemacao.com\/1\/wp-json\/wp\/v2\/types\/post"}],"author":[{"embeddable":true,"href":"https:\/\/www.caririemacao.com\/1\/wp-json\/wp\/v2\/users\/2"}],"replies":[{"embeddable":true,"href":"https:\/\/www.caririemacao.com\/1\/wp-json\/wp\/v2\/comments?post=52398"}],"version-history":[{"count":0,"href":"https:\/\/www.caririemacao.com\/1\/wp-json\/wp\/v2\/posts\/52398\/revisions"}],"wp:featuredmedia":[{"embeddable":true,"href":"https:\/\/www.caririemacao.com\/1\/wp-json\/wp\/v2\/media\/21142"}],"wp:attachment":[{"href":"https:\/\/www.caririemacao.com\/1\/wp-json\/wp\/v2\/media?parent=52398"}],"wp:term":[{"taxonomy":"category","embeddable":true,"href":"https:\/\/www.caririemacao.com\/1\/wp-json\/wp\/v2\/categories?post=52398"},{"taxonomy":"post_tag","embeddable":true,"href":"https:\/\/www.caririemacao.com\/1\/wp-json\/wp\/v2\/tags?post=52398"}],"curies":[{"name":"wp","href":"https:\/\/api.w.org\/{rel}","templated":true}]}}