{"id":52400,"date":"2018-05-27T18:16:10","date_gmt":"2018-05-27T21:16:10","guid":{"rendered":"http:\/\/caririemacao.com\/1\/?p=52400"},"modified":"2018-05-27T18:16:10","modified_gmt":"2018-05-27T21:16:10","slug":"governo-estuda-entrar-na-justica-para-barrar-greve-de-petroleiros","status":"publish","type":"post","link":"https:\/\/www.caririemacao.com\/1\/2018\/05\/27\/governo-estuda-entrar-na-justica-para-barrar-greve-de-petroleiros\/","title":{"rendered":"Governo estuda entrar na Justi\u00e7a para barrar greve de petroleiros"},"content":{"rendered":"<article>\n<div id=\"HOTWordsTxt\">\n<p>O governo estuda a possibilidade de entrar com a\u00e7\u00e3o na Justi\u00e7a para tentar barrar a greve dos petroleiros, anunciada para ser deflagrada a zero hora de quarta-feira, por 72 horas. A a\u00e7\u00e3o teria de ser impetrada pela Advocacia Geral da Uni\u00e3o (AGU), possivelmente no Supremo Tribunal Federal, para ter abrang\u00eancia em todas as refinarias de todo o Pa\u00eds. O assunto foi aventado em pelo menos uma das reuni\u00f5es realizadas neste domingo, 27, no Pal\u00e1cio do Planalto.<\/p>\n<p>H\u00e1 uma imensa preocupa\u00e7\u00e3o entre integrantes do governo com esse novo ingrediente a ser adicionado j\u00e1 \u00e0 grave crise que j\u00e1 assola o Pa\u00eds, depois de sete dias de paralisa\u00e7\u00e3o dos caminhoneiros. Uma greve de petroleiros terminaria por estender a situa\u00e7\u00e3o ca\u00f3tica vivida no Pa\u00eds por um per\u00edodo imprevis\u00edvel, na avalia\u00e7\u00e3o de um interlocutor do presidente. A segunda-feira \u00e9 considerada um dia D para o Pa\u00eds, pois ser\u00e1 poss\u00edvel ter um sentimento real do que ir\u00e1 acontecer depois do fim de semana de mais negocia\u00e7\u00f5es e de entrada em opera\u00e7\u00e3o das medidas adotadas pelo governo, como a convoca\u00e7\u00e3o das For\u00e7as Armadas, por exemplo, para ajudar na libera\u00e7\u00e3o dos corredores de abastecimento.<\/p>\n<p>N\u00e3o h\u00e1 defini\u00e7\u00e3o ainda sobre que tipo de a\u00e7\u00e3o seria impetrada no STF ou outro tribunal, pela AGU. O assunto ainda est\u00e1 em discuss\u00e3o. H\u00e1 setores do governo j\u00e1 cobrando essa medida. A avalia\u00e7\u00e3o desta fonte, \u00e9 que n\u00e3o \u00e9 poss\u00edvel se esperar a greve dos petroleiros come\u00e7ar para a\u00ed se pensar no que fazer. Ap\u00f3s ser aventado na manh\u00e3 deste domingo no Planalto, a fonte defende que a a\u00e7\u00e3o teria de ser desencadeada o quanto antes, para que se haja de forma preventiva. Caso n\u00e3o se antecipe, o governo ser\u00e1 mais uma vez acusado de n\u00e3o ter agido para evitar o pior.<\/p>\n<p>Ao defender tamb\u00e9m esta a\u00e7\u00e3o preventiva, uma outra fonte lembrou que, se uma refinaria parar, s\u00e3o necess\u00e1rios de 15 a 20 dias para que a normalidade naquele segmento seja restabelecida. Isso, somado ao quadro j\u00e1 ca\u00f3tico, torna a normaliza\u00e7\u00e3o do Pa\u00eds uma coisa cada vez mais distante. A paralisa\u00e7\u00e3o de petroleiros, de acordo com essa fonte, tem a ver com aproveitamento pol\u00edtico da crise pela oposi\u00e7\u00e3o, j\u00e1 que a FUP &#8211; Federa\u00e7\u00e3o \u00danica dos Petroleiros \u00e9 ligada \u00e0 Central \u00danica dos Trabalhadores, vinculada ao PT.<\/p>\n<p>A situa\u00e7\u00e3o est\u00e1 se tornando, a cada minuto, mais delicada. Um dos problemas graves apontados pelos interlocutores do presidente \u00e9 que, na verdade, o governo n\u00e3o est\u00e1 sabendo exatamente com quem negociar porque o movimento est\u00e1 praticamente fora do controle e as decis\u00f5es s\u00e3o horizontais, por meio das m\u00eddias sociais, principalmente e as conversas estavam sendo com as lideran\u00e7as tradicionais, que n\u00e3o tem mais qualquer poder de comando sobre a categoria.<\/p>\n<p>Uma outra a\u00e7\u00e3o, no entanto, j\u00e1 est\u00e1 em curso na Advocacia da Uni\u00e3o. A AGU vai orientar a Pol\u00edcia Rodovi\u00e1ria Federal a cumprir a liminar do ministro Alexandre de Moraes, do Supremo Tribunal Federal (STF) que permite multar em R$ 100 mil por hora as transportadoras e em R$ 10 mil por dia os caminhoneiros que resistirem na obstru\u00e7\u00e3o de estradas. Como mostrou mais cedo o Estado, a PRF n\u00e3o aplicou at\u00e9 o momento nenhuma multa com esse valor, apenas penalidades relativas ao C\u00f3digo Brasileiro de Tr\u00e2nsito, que somam R$ 2 milh\u00f5es.<\/p>\n<\/div>\n<\/article>\n<div class=\"infobar\"><strong>CARIRI EM A\u00c7\u00c3O<\/strong><\/div>\n<div>\n<p>Com <em id=\"author\" class=\"author\">Estad\u00e3<\/em><em id=\"author\" class=\"author\">o\/<\/em>Foto:Reprodu\u00e7\u00e3o Internet<\/p>\n<p>Leia mais not\u00edcias em\u00a0<a style=\"font-style: inherit; font-weight: inherit;\" href=\"http:\/\/www.caririemacao.com\/\">caririemacao.com<\/a>, siga nossa p\u00e1gina no\u00a0<a style=\"font-style: inherit; font-weight: inherit;\" href=\"https:\/\/www.facebook.com\/CaririEmAcao\/?ref=aymt_homepage_panel\">Facebook<\/a>,\u00a0<a style=\"font-style: inherit; font-weight: inherit;\" href=\"https:\/\/www.instagram.com\/cariri_em_acao\/?hl=pt-br\">Instagram<\/a>\u00a0e\u00a0<a style=\"font-style: inherit; font-weight: inherit;\" href=\"https:\/\/www.youtube.com\/channel\/UCAptA0jQuYQy8vMhLt2m4qg\">Youtube<\/a>\u00a0e veja nossas mat\u00e9rias, v\u00eddeos e fotos. Voc\u00ea tamb\u00e9m pode enviar informa\u00e7\u00f5es \u00e0 Reda\u00e7\u00e3o do Portal Cariri em A\u00e7\u00e3o pelo WhatsApp (83) 9 9634.5791, (83) 9 9601-1162.<\/p>\n<\/div>\n","protected":false},"excerpt":{"rendered":"<p>O governo estuda a possibilidade de entrar com a\u00e7\u00e3o na Justi\u00e7a para tentar barrar a greve dos petroleiros, anunciada para ser deflagrada a zero hora&hellip; <\/p>\n","protected":false},"author":2,"featured_media":52401,"comment_status":"closed","ping_status":"closed","sticky":false,"template":"","format":"standard","meta":{"sfsi_plus_gutenberg_text_before_share":"","sfsi_plus_gutenberg_show_text_before_share":"","sfsi_plus_gutenberg_icon_type":"","sfsi_plus_gutenberg_icon_alignemt":"","sfsi_plus_gutenburg_max_per_row":"","footnotes":""},"categories":[11],"tags":[],"class_list":["post-52400","post","type-post","status-publish","format-standard","has-post-thumbnail","hentry","category-politica"],"_links":{"self":[{"href":"https:\/\/www.caririemacao.com\/1\/wp-json\/wp\/v2\/posts\/52400","targetHints":{"allow":["GET"]}}],"collection":[{"href":"https:\/\/www.caririemacao.com\/1\/wp-json\/wp\/v2\/posts"}],"about":[{"href":"https:\/\/www.caririemacao.com\/1\/wp-json\/wp\/v2\/types\/post"}],"author":[{"embeddable":true,"href":"https:\/\/www.caririemacao.com\/1\/wp-json\/wp\/v2\/users\/2"}],"replies":[{"embeddable":true,"href":"https:\/\/www.caririemacao.com\/1\/wp-json\/wp\/v2\/comments?post=52400"}],"version-history":[{"count":0,"href":"https:\/\/www.caririemacao.com\/1\/wp-json\/wp\/v2\/posts\/52400\/revisions"}],"wp:featuredmedia":[{"embeddable":true,"href":"https:\/\/www.caririemacao.com\/1\/wp-json\/wp\/v2\/media\/52401"}],"wp:attachment":[{"href":"https:\/\/www.caririemacao.com\/1\/wp-json\/wp\/v2\/media?parent=52400"}],"wp:term":[{"taxonomy":"category","embeddable":true,"href":"https:\/\/www.caririemacao.com\/1\/wp-json\/wp\/v2\/categories?post=52400"},{"taxonomy":"post_tag","embeddable":true,"href":"https:\/\/www.caririemacao.com\/1\/wp-json\/wp\/v2\/tags?post=52400"}],"curies":[{"name":"wp","href":"https:\/\/api.w.org\/{rel}","templated":true}]}}