{"id":52407,"date":"2018-05-28T07:25:43","date_gmt":"2018-05-28T10:25:43","guid":{"rendered":"http:\/\/caririemacao.com\/1\/?p=52407"},"modified":"2018-05-28T07:25:43","modified_gmt":"2018-05-28T10:25:43","slug":"prefeitura-de-amparo-suspende-aulas-da-rede-municipal-de-ensino-nesta-segunda-feira","status":"publish","type":"post","link":"https:\/\/www.caririemacao.com\/1\/2018\/05\/28\/prefeitura-de-amparo-suspende-aulas-da-rede-municipal-de-ensino-nesta-segunda-feira\/","title":{"rendered":"Prefeitura de Amparo suspende aulas da rede municipal de ensino nesta segunda-feira"},"content":{"rendered":"<p>NOTA<\/p>\n<p>Prezados Professores, Profissionais da Educa\u00e7\u00e3o, e Pais de Alunos:<\/p>\n<p>Diante das indefini\u00e7\u00f5es a n\u00edvel nacional, e levando em considera\u00e7\u00e3o que alguns Professores encontran-se impossibilitados de vir dar aula, comunicamos que n\u00e3o haver\u00e1 aula nesta segunda-feira (28\/05\/2018).<\/p>\n<p>A Secretaria de Educa\u00e7\u00e3o, juntamente com a Coordena\u00e7\u00e3o Pedag\u00f3gica e o Quadro Docente planejar\u00e1 brevemente a reposi\u00e7\u00e3o de aulas.<\/p>\n<p>Qualquer d\u00favida ou sugest\u00e3o, estamos a disposi\u00e7\u00e3o.<\/p>\n<p>Desde j\u00e1 agradecemos a compreens\u00e3o de todos.<\/p>\n<p>SECRETARIA MUNICIPAL DE EDUCA\u00c7\u00c3O<\/p>\n<p><strong>CARIRI EM A\u00c7\u00c3O<\/strong><\/p>\n<p>Com Ascom \/Foto:Cariri em A\u00e7\u00e3o<\/p>\n<p>Leia mais not\u00edcias em\u00a0<a href=\"http:\/\/www.caririemacao.com\/\">caririemacao.com<\/a>, siga nossa p\u00e1gina no\u00a0<a href=\"https:\/\/www.facebook.com\/CaririEmAcao\/?ref=aymt_homepage_panel\">Facebook<\/a>,\u00a0<a href=\"https:\/\/www.instagram.com\/cariri_em_acao\/?hl=pt-br\">Instagram<\/a>\u00a0e <a href=\"https:\/\/www.youtube.com\/channel\/UCAptA0jQuYQy8vMhLt2m4qg\">Youtube<\/a>\u00a0e veja nossas mat\u00e9rias, v\u00eddeos e fotos. Voc\u00ea tamb\u00e9m pode enviar informa\u00e7\u00f5es \u00e0 Reda\u00e7\u00e3o do Portal Cariri em A\u00e7\u00e3o pelo WhatsApp (83) 9 9634.5791, (83) 9 9601-1162.<\/p>\n","protected":false},"excerpt":{"rendered":"<p>NOTA Prezados Professores, Profissionais da Educa\u00e7\u00e3o, e Pais de Alunos: Diante das indefini\u00e7\u00f5es a n\u00edvel nacional, e levando em considera\u00e7\u00e3o que alguns Professores encontran-se impossibilitados&hellip; <\/p>\n","protected":false},"author":2,"featured_media":44119,"comment_status":"closed","ping_status":"closed","sticky":false,"template":"","format":"standard","meta":{"sfsi_plus_gutenberg_text_before_share":"","sfsi_plus_gutenberg_show_text_before_share":"","sfsi_plus_gutenberg_icon_type":"","sfsi_plus_gutenberg_icon_alignemt":"","sfsi_plus_gutenburg_max_per_row":"","footnotes":""},"categories":[14],"tags":[],"class_list":["post-52407","post","type-post","status-publish","format-standard","has-post-thumbnail","hentry","category-educacao"],"_links":{"self":[{"href":"https:\/\/www.caririemacao.com\/1\/wp-json\/wp\/v2\/posts\/52407","targetHints":{"allow":["GET"]}}],"collection":[{"href":"https:\/\/www.caririemacao.com\/1\/wp-json\/wp\/v2\/posts"}],"about":[{"href":"https:\/\/www.caririemacao.com\/1\/wp-json\/wp\/v2\/types\/post"}],"author":[{"embeddable":true,"href":"https:\/\/www.caririemacao.com\/1\/wp-json\/wp\/v2\/users\/2"}],"replies":[{"embeddable":true,"href":"https:\/\/www.caririemacao.com\/1\/wp-json\/wp\/v2\/comments?post=52407"}],"version-history":[{"count":0,"href":"https:\/\/www.caririemacao.com\/1\/wp-json\/wp\/v2\/posts\/52407\/revisions"}],"wp:featuredmedia":[{"embeddable":true,"href":"https:\/\/www.caririemacao.com\/1\/wp-json\/wp\/v2\/media\/44119"}],"wp:attachment":[{"href":"https:\/\/www.caririemacao.com\/1\/wp-json\/wp\/v2\/media?parent=52407"}],"wp:term":[{"taxonomy":"category","embeddable":true,"href":"https:\/\/www.caririemacao.com\/1\/wp-json\/wp\/v2\/categories?post=52407"},{"taxonomy":"post_tag","embeddable":true,"href":"https:\/\/www.caririemacao.com\/1\/wp-json\/wp\/v2\/tags?post=52407"}],"curies":[{"name":"wp","href":"https:\/\/api.w.org\/{rel}","templated":true}]}}