{"id":52412,"date":"2018-05-28T07:59:03","date_gmt":"2018-05-28T10:59:03","guid":{"rendered":"http:\/\/caririemacao.com\/1\/?p=52412"},"modified":"2018-05-28T07:59:03","modified_gmt":"2018-05-28T10:59:03","slug":"panelaco-e-buzinaco-marcam-pronunciamento-de-temer-sobre-caminhoneiros-na-tv","status":"publish","type":"post","link":"https:\/\/www.caririemacao.com\/1\/2018\/05\/28\/panelaco-e-buzinaco-marcam-pronunciamento-de-temer-sobre-caminhoneiros-na-tv\/","title":{"rendered":"Panela\u00e7o e buzina\u00e7o marcam pronunciamento de Temer sobre caminhoneiros na TV"},"content":{"rendered":"<p>A impopularidade de\u00a0Michel Temerse refletiu nas manifesta\u00e7\u00f5es dos brasileiros na noite deste domingo (27) durante seu pronunciamento na TV. Nas capitais, foram registrados\u00a0panela\u00e7os, buzina\u00e7os\u00a0eapita\u00e7os\u00a0contra o presidente.<\/p>\n<p>Em S\u00e3o Paulo, Recife e Bras\u00edlia, o barulho das panelas e piscar de luzes foi frequente enquanto Temer anunciava as 5 medidas do governo para acabar com a\u00a0greve dos caminhoneiros.<\/p>\n<p>V\u00eddeos tamb\u00e9m reproduzem gritos de &#8220;Fora, Temer&#8221; no momento em que Temer se dirigia aos caminhoneiros e \u00e0 popula\u00e7\u00e3o:<\/p>\n<p><iframe style=\"border: none; overflow: hidden;\" data-src=\"https:\/\/www.facebook.com\/plugins\/video.php?href=https%3A%2F%2Fwww.facebook.com%2FCaririEmAcao%2Fvideos%2F1250020381800649%2F&amp;show_text=0&amp;width=380\" width=\"380\" height=\"476\" frameborder=\"0\" scrolling=\"no\" allowfullscreen=\"allowfullscreen\" src=\"data:image\/svg+xml;base64,PHN2ZyB3aWR0aD0iMSIgaGVpZ2h0PSIxIiB4bWxucz0iaHR0cDovL3d3dy53My5vcmcvMjAwMC9zdmciPjwvc3ZnPg==\" class=\"lazyload\" data-load-mode=\"1\"><\/iframe><\/p>\n<p><strong>Greve dos caminhoneiros pode acabar<\/strong><\/p>\n<p>Na noite deste domingo, Michel Temer foi \u00e0 TV anunciar\u00a05 medidas do governo, que acatou quase todas as reivindica\u00e7\u00f5es dos grevistas:<\/p>\n<p>&#8211;\u00a0Redu\u00e7\u00e3o de 46 centavos no pre\u00e7o do litro de diesel por 60 dias<\/p>\n<p>Essa queda no pre\u00e7o corresponde \u00e0 soma de PIS\/Cofins e da Cide (Contribui\u00e7\u00e3o de Interven\u00e7\u00e3o no Dom\u00ednio Econ\u00f4mico) zeradas pelo governo.<\/p>\n<p>&#8220;O governo est\u00e1 assumindo sacrif\u00edcios no or\u00e7amento e naturalmente honrar\u00e1 essa diferen\u00e7a de custo, sem preju\u00edzos para a Petrobras&#8221;, afirmou Temer.<\/p>\n<p>O desembolso ser\u00e1 do Tesouro Nacional.<\/p>\n<p>&#8211; Ap\u00f3s esses 2 meses, o reajuste do diesel ser\u00e1 mensal<\/p>\n<p>Nos \u00faltimos meses, os reajustes chegavam a ser di\u00e1rios devido \u00e0 pol\u00edtica de pre\u00e7os da Petrobras, atrelada \u00e0 cota\u00e7\u00e3o do barril de petr\u00f3leo no mercado externo \u2014 em d\u00f3lar.<\/p>\n<p>Como os aumentos passar\u00e3o a ser mensais, ser\u00e1 poss\u00edvel garantir previsibilidade das empresas de carga e dos motoristas aut\u00f4nomos, afirmou Temer.<\/p>\n<p>&#8211; Isen\u00e7\u00e3o do eixo suspenso nos ped\u00e1gios de rodovias federais, estaduais e municipais<\/p>\n<p>Essa 1\u00aa medida provis\u00f3ria se refere \u00e0 circula\u00e7\u00e3o de caminh\u00f5es que n\u00e3o transportam carga total. Eles ficar\u00e3o isentos de ped\u00e1gio em todas as estradas brasileiras.<\/p>\n<p>&#8211; Tabela m\u00ednima de frete<\/p>\n<p>Essa 2\u00aa medida provis\u00f3ria estabelecer\u00e1 uma pol\u00edtica de pre\u00e7os m\u00ednimos do transporte rodovi\u00e1rio de cargas.<\/p>\n<p>&#8211; Garantia a aut\u00f4nomos de 30% dos fretes da Companhia Nacional de Abastecimento (Conab)<\/p>\n<p>A 3\u00aa medida provis\u00f3ria anunciada pelo presidente reserva aos aut\u00f4nomos um percentual expressivo da Conab.<\/p>\n<p><strong>CARIRI EM A\u00c7\u00c3O<\/strong><\/p>\n<p>Com HuffPost Brasil \/Foto: Reprodu\u00e7\u00e3o Internet<\/p>\n<p>Leia mais not\u00edcias em\u00a0<a href=\"http:\/\/www.caririemacao.com\/\">caririemacao.com<\/a>, siga nossa p\u00e1gina no\u00a0<a href=\"https:\/\/www.facebook.com\/CaririEmAcao\/?ref=aymt_homepage_panel\">Facebook<\/a>,\u00a0<a href=\"https:\/\/www.instagram.com\/cariri_em_acao\/?hl=pt-br\">Instagram<\/a>\u00a0e <a href=\"https:\/\/www.youtube.com\/channel\/UCAptA0jQuYQy8vMhLt2m4qg\">Youtube<\/a>\u00a0e veja nossas mat\u00e9rias, v\u00eddeos e fotos. Voc\u00ea tamb\u00e9m pode enviar informa\u00e7\u00f5es \u00e0 Reda\u00e7\u00e3o do Portal Cariri em A\u00e7\u00e3o pelo WhatsApp (83) 9 9634.5791, (83) 9 9601-1162.<\/p>\n","protected":false},"excerpt":{"rendered":"<p>A impopularidade de\u00a0Michel Temerse refletiu nas manifesta\u00e7\u00f5es dos brasileiros na noite deste domingo (27) durante seu pronunciamento na TV. Nas capitais, foram registrados\u00a0panela\u00e7os, buzina\u00e7os\u00a0eapita\u00e7os\u00a0contra o&hellip; <\/p>\n","protected":false},"author":2,"featured_media":36622,"comment_status":"closed","ping_status":"closed","sticky":false,"template":"","format":"standard","meta":{"sfsi_plus_gutenberg_text_before_share":"","sfsi_plus_gutenberg_show_text_before_share":"","sfsi_plus_gutenberg_icon_type":"","sfsi_plus_gutenberg_icon_alignemt":"","sfsi_plus_gutenburg_max_per_row":"","footnotes":""},"categories":[11],"tags":[],"class_list":["post-52412","post","type-post","status-publish","format-standard","has-post-thumbnail","hentry","category-politica"],"_links":{"self":[{"href":"https:\/\/www.caririemacao.com\/1\/wp-json\/wp\/v2\/posts\/52412","targetHints":{"allow":["GET"]}}],"collection":[{"href":"https:\/\/www.caririemacao.com\/1\/wp-json\/wp\/v2\/posts"}],"about":[{"href":"https:\/\/www.caririemacao.com\/1\/wp-json\/wp\/v2\/types\/post"}],"author":[{"embeddable":true,"href":"https:\/\/www.caririemacao.com\/1\/wp-json\/wp\/v2\/users\/2"}],"replies":[{"embeddable":true,"href":"https:\/\/www.caririemacao.com\/1\/wp-json\/wp\/v2\/comments?post=52412"}],"version-history":[{"count":0,"href":"https:\/\/www.caririemacao.com\/1\/wp-json\/wp\/v2\/posts\/52412\/revisions"}],"wp:featuredmedia":[{"embeddable":true,"href":"https:\/\/www.caririemacao.com\/1\/wp-json\/wp\/v2\/media\/36622"}],"wp:attachment":[{"href":"https:\/\/www.caririemacao.com\/1\/wp-json\/wp\/v2\/media?parent=52412"}],"wp:term":[{"taxonomy":"category","embeddable":true,"href":"https:\/\/www.caririemacao.com\/1\/wp-json\/wp\/v2\/categories?post=52412"},{"taxonomy":"post_tag","embeddable":true,"href":"https:\/\/www.caririemacao.com\/1\/wp-json\/wp\/v2\/tags?post=52412"}],"curies":[{"name":"wp","href":"https:\/\/api.w.org\/{rel}","templated":true}]}}